{"id":22156,"date":"2019-03-06T17:41:15","date_gmt":"2019-03-06T20:41:15","guid":{"rendered":"http:\/\/172.16.0.7\/site-antigo\/?p=22156"},"modified":"2024-10-08T09:18:25","modified_gmt":"2024-10-08T12:18:25","slug":"filha-mae-e-irmaos-em-apucarana","status":"publish","type":"post","link":"http:\/\/www.apucarana.pr.gov.br\/site\/filha-mae-e-irmaos-em-apucarana\/","title":{"rendered":"Filha procura m\u00e3e e irm\u00e3os em Apucarana"},"content":{"rendered":"<p>Aten\u00e7\u00e3o dona Edite Barbosa da Silva, filha de Leandro Caetano Barbosa e Maria das Mercedes Leal Barbosa, sua filha Vera L\u00facia da Silva, hoje residente em S\u00e3o Paulo, quer muito reencontr\u00e1-la.<br \/>\nEla conta que a separa\u00e7\u00e3o aconteceu em 1965, quando ela tinha apenas cinco anos de idade. \u201cMinha m\u00e3e, Edite Barbosa da Silva, trabalhava em uma ro\u00e7a de caf\u00e9 em Apucarana e teve que me dar aos 5 anos de idade, pois n\u00e3o tinha condi\u00e7\u00f5es. Sei que tenho pelo menos mais quatro irm\u00e3os, que tamb\u00e9m queria muito conhec\u00ea-los\u201d, conta Vera L\u00facia, que est\u00e1 prestes a completar 60 anos de idade.<br \/>\nO telefone de contato, caso algu\u00e9m tenha not\u00edcia de Edite Barbosa da Silva e filhos, \u00e9 o (11) 95783-8182, com Mirian.<\/p>\n","protected":false},"excerpt":{"rendered":"<p>Aten\u00e7\u00e3o dona Edite Barbosa da Silva, filha de Leandro Caetano Barbosa e Maria das Mercedes Leal Barbosa, sua filha Vera L\u00facia da Silva, hoje residente em S\u00e3o Paulo, quer muito reencontr\u00e1-la<\/p>\n","protected":false},"author":4,"featured_media":0,"comment_status":"closed","ping_status":"open","sticky":false,"template":"","format":"standard","meta":{"footnotes":""},"categories":[24],"tags":[],"class_list":["post-22156","post","type-post","status-publish","format-standard","hentry","category-noticias"],"acf":[],"_links":{"self":[{"href":"http:\/\/www.apucarana.pr.gov.br\/site\/wp-json\/wp\/v2\/posts\/22156","targetHints":{"allow":["GET"]}}],"collection":[{"href":"http:\/\/www.apucarana.pr.gov.br\/site\/wp-json\/wp\/v2\/posts"}],"about":[{"href":"http:\/\/www.apucarana.pr.gov.br\/site\/wp-json\/wp\/v2\/types\/post"}],"author":[{"embeddable":true,"href":"http:\/\/www.apucarana.pr.gov.br\/site\/wp-json\/wp\/v2\/users\/4"}],"replies":[{"embeddable":true,"href":"http:\/\/www.apucarana.pr.gov.br\/site\/wp-json\/wp\/v2\/comments?post=22156"}],"version-history":[{"count":1,"href":"http:\/\/www.apucarana.pr.gov.br\/site\/wp-json\/wp\/v2\/posts\/22156\/revisions"}],"predecessor-version":[{"id":100669,"href":"http:\/\/www.apucarana.pr.gov.br\/site\/wp-json\/wp\/v2\/posts\/22156\/revisions\/100669"}],"wp:attachment":[{"href":"http:\/\/www.apucarana.pr.gov.br\/site\/wp-json\/wp\/v2\/media?parent=22156"}],"wp:term":[{"taxonomy":"category","embeddable":true,"href":"http:\/\/www.apucarana.pr.gov.br\/site\/wp-json\/wp\/v2\/categories?post=22156"},{"taxonomy":"post_tag","embeddable":true,"href":"http:\/\/www.apucarana.pr.gov.br\/site\/wp-json\/wp\/v2\/tags?post=22156"}],"curies":[{"name":"wp","href":"https:\/\/api.w.org\/{rel}","templated":true}]}}