{"id":22137,"date":"2019-03-11T16:51:29","date_gmt":"2019-03-11T19:51:29","guid":{"rendered":"http:\/\/172.16.0.7\/site-antigo\/?p=22137"},"modified":"2024-10-08T09:18:24","modified_gmt":"2024-10-08T12:18:24","slug":"caminhada-marca-o-lancamento-das-comemoracoes-do-mes-da-mulher","status":"publish","type":"post","link":"http:\/\/www.apucarana.pr.gov.br\/site\/caminhada-marca-o-lancamento-das-comemoracoes-do-mes-da-mulher\/","title":{"rendered":"Caminhada marca o lan\u00e7amento das comemora\u00e7\u00f5es do \u201cM\u00eas da Mulher\u201d  \u00a0"},"content":{"rendered":"<p>&nbsp;<br \/>\nO lan\u00e7amento oficial das atividades comemorativas do \u201cM\u00eas da Mulher\u201d em Apucarana, a prefeitura de Apucarana realizou na sexta-feira uma caminhada, na Pra\u00e7a Semiramis Braga (Pra\u00e7a do Clube 28). O evento \u00e9 realiza\u00e7\u00e3o das secretarias Municipais da Mulher e Assuntos da Fam\u00edlia, Promo\u00e7\u00e3o Art\u00edstica, Cultural e Tur\u00edstica (Promatur), Esportes e Juventude.<br \/>\nNa sequ\u00eancia do m\u00eas, uma s\u00e9rie de atividades est\u00e1 planejada e ser\u00e1 desenvolvida pelas diversas secretarias municipais, sendo que o ponto alto ser\u00e1 o 1\u00ba Apucarana Cidade Mulher, que acontece dias 16 e 17 no estacionamento do Complexo Esportivo Jos\u00e9 Ant\u00f4nio Basso (Lago\u00e3o).<br \/>\nA programa\u00e7\u00e3o do 1\u00ba Apucarana Cidade Mulher ter\u00e1 in\u00edcio \u00e0s 18 horas do dia 16 de mar\u00e7o (um s\u00e1bado), com abertura da pra\u00e7a gastron\u00f4mica, exposi\u00e7\u00e3o de profiss\u00f5es e feira de servi\u00e7os. \u00c0s 21 horas est\u00e1 previsto show musical com a Banda Inox.<br \/>\nNo dia 17, a programa\u00e7\u00e3o reinicia \u00e0s 11 horas com almo\u00e7o na pra\u00e7a gastron\u00f4mica. \u00c0s 16h30, show de pr\u00eamios com sorteio de brindes e, a partir das 18 horas, novo show com a Banda Inox e membros da Banda Apollus Band.<br \/>\nA programa\u00e7\u00e3o do M\u00eas da Mulher tem apoio das secretarias municipais da Assist\u00eancia Social, Educa\u00e7\u00e3o, Sa\u00fade, Fazenda, al\u00e9m da Guarda Municipal, Hospital da Provid\u00eancia, Emater, Fecom\u00e9rcio Paran\u00e1 (Sesc, Senac e IFPD), Sivana, C\u00e2mara da Mulher Empreendedora, Cl\u00ednica de Personal Training Simone Peres, profissional Henrique Vilas Boas e St\u00fadio Funcional Mais Sa\u00fade.<br \/>\n&nbsp;<\/p>\n","protected":false},"excerpt":{"rendered":"<p>Ponto alto da programa\u00e7\u00e3o ser\u00e1 o 1\u00ba Apucarana Cidade Mulher, que acontece dias 16 e 17 no estacionamento do Complexo Esportivo Jos\u00e9 Ant\u00f4nio Basso (Lago\u00e3o) &#8211; Fotos _ Profeta<\/p>\n","protected":false},"author":4,"featured_media":22138,"comment_status":"closed","ping_status":"open","sticky":false,"template":"","format":"standard","meta":{"footnotes":""},"categories":[24],"tags":[],"class_list":["post-22137","post","type-post","status-publish","format-standard","has-post-thumbnail","hentry","category-noticias"],"acf":[],"_links":{"self":[{"href":"http:\/\/www.apucarana.pr.gov.br\/site\/wp-json\/wp\/v2\/posts\/22137","targetHints":{"allow":["GET"]}}],"collection":[{"href":"http:\/\/www.apucarana.pr.gov.br\/site\/wp-json\/wp\/v2\/posts"}],"about":[{"href":"http:\/\/www.apucarana.pr.gov.br\/site\/wp-json\/wp\/v2\/types\/post"}],"author":[{"embeddable":true,"href":"http:\/\/www.apucarana.pr.gov.br\/site\/wp-json\/wp\/v2\/users\/4"}],"replies":[{"embeddable":true,"href":"http:\/\/www.apucarana.pr.gov.br\/site\/wp-json\/wp\/v2\/comments?post=22137"}],"version-history":[{"count":1,"href":"http:\/\/www.apucarana.pr.gov.br\/site\/wp-json\/wp\/v2\/posts\/22137\/revisions"}],"predecessor-version":[{"id":100658,"href":"http:\/\/www.apucarana.pr.gov.br\/site\/wp-json\/wp\/v2\/posts\/22137\/revisions\/100658"}],"wp:featuredmedia":[{"embeddable":true,"href":"http:\/\/www.apucarana.pr.gov.br\/site\/wp-json\/"}],"wp:attachment":[{"href":"http:\/\/www.apucarana.pr.gov.br\/site\/wp-json\/wp\/v2\/media?parent=22137"}],"wp:term":[{"taxonomy":"category","embeddable":true,"href":"http:\/\/www.apucarana.pr.gov.br\/site\/wp-json\/wp\/v2\/categories?post=22137"},{"taxonomy":"post_tag","embeddable":true,"href":"http:\/\/www.apucarana.pr.gov.br\/site\/wp-json\/wp\/v2\/tags?post=22137"}],"curies":[{"name":"wp","href":"https:\/\/api.w.org\/{rel}","templated":true}]}}