{"id":22110,"date":"2019-03-08T17:59:21","date_gmt":"2019-03-08T20:59:21","guid":{"rendered":"http:\/\/172.16.0.7\/site-antigo\/?p=22110"},"modified":"2024-10-08T09:18:24","modified_gmt":"2024-10-08T12:18:24","slug":"mulheres-da-prefeitura-sao-homenageadas","status":"publish","type":"post","link":"http:\/\/www.apucarana.pr.gov.br\/site\/mulheres-da-prefeitura-sao-homenageadas\/","title":{"rendered":"Mulheres da prefeitura s\u00e3o homenageadas"},"content":{"rendered":"<p>As servidoras p\u00fablicas que trabalham no pr\u00e9dio da prefeitura de Apucarana recebem uma homenagem pelo Dia Internacional da Mulher. O pastor Othoniel Gon\u00e7alves levou uma mensagem religiosa e o prefeito Junior da Femac enalteceu a import\u00e2ncia da mulher do ambiente familiar. \u201cObrigada tamb\u00e9m por voc\u00eas estarem aqui todos os dias e fazer Apucarana acontecer\u201d, disse Junior.<br \/>\nAs funcion\u00e1rias da prefeitura ainda participaram de um lanche e receberam uma rosa pelo \u201cDia Internacional da Mulher\u201d. O evento, realizado no sal\u00e3o nobre da prefeitura, foi organizado pela secret\u00e1ria da Fazenda, Sueli Aparecida de Freitas Pereira.<\/p>\n","protected":false},"excerpt":{"rendered":"<p>Evento realizado no sal\u00e3o nobre da prefeitura contou com a presen\u00e7a do prefeito Junior da Femac que levou sua mensagem as mulheres pelo seu dia (Foto &#8211; Profeta)<\/p>\n","protected":false},"author":4,"featured_media":22111,"comment_status":"closed","ping_status":"open","sticky":false,"template":"","format":"standard","meta":{"footnotes":""},"categories":[24],"tags":[],"class_list":["post-22110","post","type-post","status-publish","format-standard","has-post-thumbnail","hentry","category-noticias"],"acf":[],"_links":{"self":[{"href":"http:\/\/www.apucarana.pr.gov.br\/site\/wp-json\/wp\/v2\/posts\/22110","targetHints":{"allow":["GET"]}}],"collection":[{"href":"http:\/\/www.apucarana.pr.gov.br\/site\/wp-json\/wp\/v2\/posts"}],"about":[{"href":"http:\/\/www.apucarana.pr.gov.br\/site\/wp-json\/wp\/v2\/types\/post"}],"author":[{"embeddable":true,"href":"http:\/\/www.apucarana.pr.gov.br\/site\/wp-json\/wp\/v2\/users\/4"}],"replies":[{"embeddable":true,"href":"http:\/\/www.apucarana.pr.gov.br\/site\/wp-json\/wp\/v2\/comments?post=22110"}],"version-history":[{"count":1,"href":"http:\/\/www.apucarana.pr.gov.br\/site\/wp-json\/wp\/v2\/posts\/22110\/revisions"}],"predecessor-version":[{"id":100661,"href":"http:\/\/www.apucarana.pr.gov.br\/site\/wp-json\/wp\/v2\/posts\/22110\/revisions\/100661"}],"wp:featuredmedia":[{"embeddable":true,"href":"http:\/\/www.apucarana.pr.gov.br\/site\/wp-json\/"}],"wp:attachment":[{"href":"http:\/\/www.apucarana.pr.gov.br\/site\/wp-json\/wp\/v2\/media?parent=22110"}],"wp:term":[{"taxonomy":"category","embeddable":true,"href":"http:\/\/www.apucarana.pr.gov.br\/site\/wp-json\/wp\/v2\/categories?post=22110"},{"taxonomy":"post_tag","embeddable":true,"href":"http:\/\/www.apucarana.pr.gov.br\/site\/wp-json\/wp\/v2\/tags?post=22110"}],"curies":[{"name":"wp","href":"https:\/\/api.w.org\/{rel}","templated":true}]}}