{"id":22099,"date":"2019-03-08T16:36:10","date_gmt":"2019-03-08T19:36:10","guid":{"rendered":"http:\/\/172.16.0.7\/site-antigo\/?p=22099"},"modified":"2024-10-08T09:18:25","modified_gmt":"2024-10-08T12:18:25","slug":"apucarana-inaugura-centro-de-especialidades-dermatologicas","status":"publish","type":"post","link":"http:\/\/www.apucarana.pr.gov.br\/site\/apucarana-inaugura-centro-de-especialidades-dermatologicas\/","title":{"rendered":"Apucarana inaugura Centro de Especialidades Dermatol\u00f3gicas\u00a0"},"content":{"rendered":"<p>Marcado como o primeiro ato do secret\u00e1rio de estado da sa\u00fade, Beto Preto, em Apucarana, foi inaugurado hoje (8) o Ambulat\u00f3rio de Especialidades Dermatol\u00f3gicas, da Autarquia Municipal de Sa\u00fade (AMS). O atendimento m\u00e9dico nesta \u00e1rea j\u00e1 \u00e9 anunciado como refer\u00eancia em toda regi\u00e3o devido \u00e0 soma de dois fatores: aparelhos modernos e uma equipe de profissionais altamente qualificada, incrementada ainda com atua\u00e7\u00e3o de residentes do Programa de Resid\u00eancia M\u00e9dica da AMS.<br \/>\nO Ambulat\u00f3rio de Especialidades Dermatol\u00f3gicas foi instalado no primeiro andar da Autarquia Municipal de Sa\u00fade (AMS), ocupando uma \u00e1rea de 193 m\u00b2. O espa\u00e7o, onde funcionava o Centro de Especialidades Odontol\u00f3gicas, foi completamente reformado para dar lugar ao ambulat\u00f3rio.<br \/>\nO secret\u00e1rio de estado da sa\u00fade Beto Preto enfatizou o grande ganho que o ambulat\u00f3rio representa para sa\u00fade de Apucarana e regi\u00e3o. \u201cEsse ambulat\u00f3rio de dermatologia, de doen\u00e7as da pele, abre mais uma porta para atendimentos especializados no munic\u00edpio. Sempre encaminhamos pacientes para Londrina e Curitiba para cuidar da sa\u00fade da pele. Agora isso vai ser feito aqui, como equipamentos de \u00faltima gera\u00e7\u00e3o e equipe profissionais de alto n\u00edvel. Vamos fazer aqui uma dermatologia de primeiro mundo e o Governo do Estado vai estar junto com o prefeito Junior da Femac para garantir isso \u00e0 popula\u00e7\u00e3o\u201d, disse Beto Preto.<br \/>\nO ambulat\u00f3rio de dermatologia contar\u00e1 com o atendimento profissional das dermatologistas Caroline Cili\u00e3o e Ligia Martin, bem como dos quatro m\u00e9dicos do Programa de Resid\u00eancia M\u00e9dica em Dermatologia da Autarquia Municipal de Sa\u00fade, sendo que dois deles cursando o segundo ano desta especialidade e outros dois o primeiro ano.<br \/>\nCoordenadora da Resid\u00eancia M\u00e9dica na Especialidade em Dermatologia e do Ambulat\u00f3rio de Dermatologia, Ligia Martin, valorizou o momento de inaugura\u00e7\u00e3o ao lembrar o longo caminho percorrido desde que o prefeito Beto Preto lan\u00e7ou para ela e sua equipe, em dezembro de 2017, o desafio de criar o ambulat\u00f3rio de dermatologia na rede p\u00fablica de sa\u00fade do munic\u00edpio. \u201cVer isso hoje concretizado \u00e9 uma grande alegria. Somos funcion\u00e1rios do povo de Apucarana e vamos fazer do dinheiro investido aqui seja transformado num atendimento de qualidade. Vamos tentar zerar a longa fila de espera, que j\u00e1 chega a quase 2 mil pacientes nesta especialidade, num prazo de seis meses\u201d, afirmou L\u00edgia.<br \/>\nPara prefeito Junior da Femac a ambulat\u00f3rio \u00e9 mais um passo dado nos investimentos planejados pelo munic\u00edpio com o grande objetivo de \u201cfazer da sa\u00fade de Apucarana a melhor do Paran\u00e1.\u201d \u201cApucarana ganha esse essencial espa\u00e7o que vai levar sa\u00fade e resolutividade para nossos pacientes\u201d, destacou Junior, que fez uma men\u00e7\u00e3o especial lembrando que o momento representava a primeira vez que Apucarana recebe o ex-prefeito Beto Preto como secret\u00e1rio de estado da sa\u00fade.<br \/>\nTodo investimento, na ordem de R$ 286 mil, no Ambulat\u00f3rio de Especialidades Dermatol\u00f3gicas foi feito com recursos pr\u00f3prios do munic\u00edpio. Foram R$ 101 mil na reforma. A engenheira da AMS, Ana Karine Alves Vieira, explica que antigas divis\u00f3rias em madeira foram substitu\u00eddas por paredes de drywall. O mesmo material foi utilizado nas novas paredes necess\u00e1rias para separa\u00e7\u00e3o dos ambientes. O forro foi rebaixado com placas de gesso e as instala\u00e7\u00f5es el\u00e9tricas e ilumina\u00e7\u00e3o foram trocadas. Tamb\u00e9m acontece a substitui\u00e7\u00e3o do piso, bem como algumas portas e janelas. Todo o local foi pintado e adequado para atender as necessidades dos pacientes e funcion\u00e1rios do Ambulat\u00f3rio de Dermatologia.<br \/>\n<strong>Equipamentos de \u00faltima gera\u00e7\u00e3o<\/strong><br \/>\nJ\u00e1 o valor investido em equipamentos soma R$ 150 mil, incluindo a c\u00e2mara de fototerapia, microsc\u00f3pio, lupas, material cir\u00fargico. \u201cNosso equipamentos s\u00e3o de \u00faltima gera\u00e7\u00e3o\u201d, enfatiza a coordenadora do Ambulat\u00f3rio, L\u00edgia Martin. \u201cA c\u00e2mara de fototerapia, por exemplo, \u00e9 a \u00fanica p\u00fablica no norte do Paran\u00e1 e com ela vamos atender pacientes do Hospital do C\u00e2ncer de Londrina e do Cons\u00f3rcio regional de Sa\u00fade, o Cisvir\u201d, informou L\u00edgia.<br \/>\nO diretor presidente da AMS, Roberto Kaneta, detalhou que o Ambulat\u00f3rio de Dermatologia conta em sua estrutura de quatro consult\u00f3rios m\u00e9dicos; duas salas de pequenas cirurgias, com vesti\u00e1rio e sala de espera exclusiva; central de material esterilizado; e sala de fototerapia, com vesti\u00e1rio. A \u00e1rea de funcion\u00e1rios contar\u00e1 com sala de reuni\u00f5es, copa, WC exclusivo e almoxarifado. H\u00e1 ainda o investimento no mobili\u00e1rio, todo novo, no valor de R$ 35 mil.<br \/>\n&nbsp;<br \/>\n&nbsp;<\/p>\n","protected":false},"excerpt":{"rendered":"<p>Ambulat\u00f3rio nasce como refer\u00eancia no Norte do Estado e disp\u00f5e da \u00fanica c\u00e2mara de fototerapia p\u00fablica na regi\u00e3o  (Fotos &#8211; Profeta)<\/p>\n","protected":false},"author":4,"featured_media":22100,"comment_status":"closed","ping_status":"open","sticky":false,"template":"","format":"standard","meta":{"footnotes":""},"categories":[24],"tags":[],"class_list":["post-22099","post","type-post","status-publish","format-standard","has-post-thumbnail","hentry","category-noticias"],"acf":[],"_links":{"self":[{"href":"http:\/\/www.apucarana.pr.gov.br\/site\/wp-json\/wp\/v2\/posts\/22099","targetHints":{"allow":["GET"]}}],"collection":[{"href":"http:\/\/www.apucarana.pr.gov.br\/site\/wp-json\/wp\/v2\/posts"}],"about":[{"href":"http:\/\/www.apucarana.pr.gov.br\/site\/wp-json\/wp\/v2\/types\/post"}],"author":[{"embeddable":true,"href":"http:\/\/www.apucarana.pr.gov.br\/site\/wp-json\/wp\/v2\/users\/4"}],"replies":[{"embeddable":true,"href":"http:\/\/www.apucarana.pr.gov.br\/site\/wp-json\/wp\/v2\/comments?post=22099"}],"version-history":[{"count":1,"href":"http:\/\/www.apucarana.pr.gov.br\/site\/wp-json\/wp\/v2\/posts\/22099\/revisions"}],"predecessor-version":[{"id":100662,"href":"http:\/\/www.apucarana.pr.gov.br\/site\/wp-json\/wp\/v2\/posts\/22099\/revisions\/100662"}],"wp:featuredmedia":[{"embeddable":true,"href":"http:\/\/www.apucarana.pr.gov.br\/site\/wp-json\/"}],"wp:attachment":[{"href":"http:\/\/www.apucarana.pr.gov.br\/site\/wp-json\/wp\/v2\/media?parent=22099"}],"wp:term":[{"taxonomy":"category","embeddable":true,"href":"http:\/\/www.apucarana.pr.gov.br\/site\/wp-json\/wp\/v2\/categories?post=22099"},{"taxonomy":"post_tag","embeddable":true,"href":"http:\/\/www.apucarana.pr.gov.br\/site\/wp-json\/wp\/v2\/tags?post=22099"}],"curies":[{"name":"wp","href":"https:\/\/api.w.org\/{rel}","templated":true}]}}