{"id":22087,"date":"2019-03-08T15:43:50","date_gmt":"2019-03-08T18:43:50","guid":{"rendered":"http:\/\/172.16.0.7\/site-antigo\/?p=22087"},"modified":"2024-10-08T09:18:25","modified_gmt":"2024-10-08T12:18:25","slug":"mulheres-rurais-mostram-sua-forca-na-economia-solidaria","status":"publish","type":"post","link":"http:\/\/www.apucarana.pr.gov.br\/site\/mulheres-rurais-mostram-sua-forca-na-economia-solidaria\/","title":{"rendered":"Mulheres Rurais mostram sua for\u00e7a na \u201cEconomia Solid\u00e1ria\u201d"},"content":{"rendered":"<p>Cleide Marli de Lacerda, Nadir Machado Norbiato, Irene Rampazo Machado, Luzia Al\u00edpio Ferreira Machado e Leninha Gomes. Essas mulheres, representando outras tantas outras do meio rural, criaram a partir de 2018 mais um nicho de atua\u00e7\u00e3o dentro do Programa Economia Solid\u00e1ria, desenvolvido pela Secretaria Municipal da Mulher e Assuntos da Fam\u00edlia h\u00e1 cinco anos.<br \/>\nS\u00e3o cinco produtoras rurais \u00a0\u00a0\u00a0\u00a0\u00a0\u00a0\u00a0 que h\u00e1 pouco mais de um ano participaram do curso da capacita\u00e7\u00e3o do Programa de Economia Solid\u00e1ria e deram um novo rumo nas suas vidas, atrav\u00e9s da gera\u00e7\u00e3o de renda com a venda do que produzem e cultivam em suas propriedades rurais. Os locais de comercializa\u00e7\u00e3o de verduras, legumes, frutas, caf\u00e9, bolachas e flores, s\u00e3os as duas feiras que o programa realiza semanalmente nos n\u00facleos habitacionais Jo\u00e3o Paulo e Adriano Correia e um ponto de venda na Pra\u00e7a do Redondo.<br \/>\nO tempo \u00e9 curto no dia a dia de cada uma delas, levando em conta que todas atuam diretamente na produ\u00e7\u00e3o em suas terras e ainda trabalham pessoalmente nas feiras. Divulgar o exemplo dessas empreendedoras foi a forma que a Secretaria da Mulher encontrou de homenagear, \u00a0no \u201cDia da Mulher\u201d, as 815 integrantes da rede de mulheres solid\u00e1rias de Apucarana.<br \/>\nCleide Marli de Lacerda, da Ch\u00e1cara Nossa Senhora Aparecida, na Estrada do Bilote, atua diretamente no preparo da terra, plantio, colheita e comercializa\u00e7\u00e3o. A variedade da produ\u00e7\u00e3o pode ser medida pelo fato de ela utilizar completamente os dois hectares da sua propriedade. Tem pomar, com laranja, acerola, abacate, mexerica, lichia, jaca, pitanga, lim\u00e3o Taiti e rosa, carambola, e banana. H\u00e1 ainda planta\u00e7\u00e3o de milho, quiabo e a horta tem espa\u00e7o para tr\u00eas tipos de alface, pimenta, alho-por\u00f3, mandioca, batata doce, erva doce, couve, entre outras verduras e legumes.<br \/>\nAl\u00e9m de n\u00e3o usar qualquer tipo de \u2018veneno\u2019 na sua produ\u00e7\u00e3o, um dos diferencias de Cleide \u00e9 o caf\u00e9 mo\u00eddo na hora que vende em sua barraca. \u201cProduzo, torro e fa\u00e7o a moagem na frente do fregu\u00eas\u201d, detalha, que ainda tem um lugar reservado em sua barraca para a venda plantas suculentas e orqu\u00eddeas, que tamb\u00e9m encontra tempo para cultivar.<br \/>\n\u201cAdoro trabalhar no campo e poder contar com um local para comercializar era tudo que estava faltando. Entrar para rede de mulheres solid\u00e1rias foi um diferencial em minha vida\u201d, avalia Cleide.<br \/>\nNadir Machado Norbiato, tamb\u00e9m moradora de uma propriedade rural no Barreiro, est\u00e1 h\u00e1 cerca de ano da rede de mulheres solid\u00e1rias, mas seus produtos s\u00e3o fruto da excelente m\u00e3o de confeiteira. Sua bolacha artesanal e feita um dia antes da venda \u00e9 um sucesso nas duas feiras. \u201cS\u00f3 de bolachas de pinga vendo cerca de 30 pacotes por dia e ainda fa\u00e7o bolacha de nata, cocada de leite em p\u00f3, fatias h\u00fanguras e bolinho de chuva.<br \/>\nJ\u00e1 Irene Rampazo Machado, da ch\u00e1cara Santo Antonio, tamb\u00e9m na estrada do Barreiro, diversifica sua comercializa\u00e7\u00e3o entre produtos frutos dos seus dotes culin\u00e1rios, como p\u00e3o, espera marido, bolo de milho e cueca virada, com os da terra, que v\u00e3o desde quiabo, mandioca, milho, abobrinha, feij\u00e3o e tomate. \u201cAntes precis\u00e1vamos ir a Mandaguari para vender nossos produtos agora tenho uma barraca garantida nas feiras da economia solid\u00e1ria. \u00c9 uma seguran\u00e7a para termos essa importante fonte de renda, essencial para manuten\u00e7\u00e3o da nossa casa\u201d, afirma.<br \/>\nLuzia Al\u00edpio Ferreira Machado, por sua vez, encontrou na feira de economia solid\u00e1ria o local que procurava para come\u00e7ar a vender muitos produtos que cultiva como batata doce, milho, quiabo, mandioca, laranja, ponc\u00e3 e verduras. \u201cFiz a capacita\u00e7\u00e3o e hoje fa\u00e7o parte desse projeto que est\u00e1 fazendo a diferen\u00e7a na vida de muitas mulheres, como eu\u201d, declara.<br \/>\n<strong>Produtos org\u00e2nicos s\u00e3o vendidos na pra\u00e7a<\/strong><br \/>\nLeninha Gomes \u00e9 a \u00fanica do grupo que vive em outra regi\u00e3o da cidade, no s\u00edtio barra nova, na estrada DER Bigua\u00e7u, na sa\u00edda para Curitiba. As verduras e legumes que venda em uma barraca, as segundas-feiras na Pra\u00e7a do Redondo, s\u00e3o de produ\u00e7\u00e3o org\u00e2nica certificada. Ela vende tomate, almeir\u00e3o, r\u00facula, alface americana, crespa, lisa e roxa, alho-, beterraba, cebolinha e morango. \u201cOs planos de expandir sua produ\u00e7\u00e3o s\u00e3o muitos, em especial devido ao incentivo que encontraram na rede de mulheres solid\u00e1rias, a respons\u00e1vel pelo local em que est\u00e3o vendendo seus produtos\u201d, destaca Leninha.<br \/>\nA secretaria da Mulher e Assuntos da Fam\u00edlia, Denise Machado, a for\u00e7a do trabalho e a anima\u00e7\u00e3o com que marcam sua participa\u00e7\u00e3o na rede de mulheres solid\u00e1rias, fazem dessas cinco mulheres um exemplo a ser seguido. \u201c\u00c9 muito gratificante desenvolver um projeto do alcance social e econ\u00f4mico como esse. Os resultados nos estimulam a seguir em frente, buscando alcan\u00e7ar um n\u00famero cada vez maior de mulheres\u201d, afirma Denise.<br \/>\nO prefeito Junior da Femac enaltece os resultados alcan\u00e7ados pelo programa. &#8220;Esta iniciativa valoriza o protagonismo feminino em Apucarana, empoderando as mulheres. E, com m\u00e9rito, o programa j\u00e1 foi premiado em \u00e2mbito estadual&#8221;, destaca Junior.<\/p>\n","protected":false},"excerpt":{"rendered":"<p>\u00a0Grupo tem no campo uma fonte de gera\u00e7\u00e3o de renda com o apoio do Programa Municipal de Economia Solid\u00e1ria e Protagonismo Feminino\u00a0<\/p>\n","protected":false},"author":4,"featured_media":22097,"comment_status":"closed","ping_status":"open","sticky":false,"template":"","format":"standard","meta":{"footnotes":""},"categories":[24],"tags":[],"class_list":["post-22087","post","type-post","status-publish","format-standard","has-post-thumbnail","hentry","category-noticias"],"acf":[],"_links":{"self":[{"href":"http:\/\/www.apucarana.pr.gov.br\/site\/wp-json\/wp\/v2\/posts\/22087","targetHints":{"allow":["GET"]}}],"collection":[{"href":"http:\/\/www.apucarana.pr.gov.br\/site\/wp-json\/wp\/v2\/posts"}],"about":[{"href":"http:\/\/www.apucarana.pr.gov.br\/site\/wp-json\/wp\/v2\/types\/post"}],"author":[{"embeddable":true,"href":"http:\/\/www.apucarana.pr.gov.br\/site\/wp-json\/wp\/v2\/users\/4"}],"replies":[{"embeddable":true,"href":"http:\/\/www.apucarana.pr.gov.br\/site\/wp-json\/wp\/v2\/comments?post=22087"}],"version-history":[{"count":1,"href":"http:\/\/www.apucarana.pr.gov.br\/site\/wp-json\/wp\/v2\/posts\/22087\/revisions"}],"predecessor-version":[{"id":100663,"href":"http:\/\/www.apucarana.pr.gov.br\/site\/wp-json\/wp\/v2\/posts\/22087\/revisions\/100663"}],"wp:featuredmedia":[{"embeddable":true,"href":"http:\/\/www.apucarana.pr.gov.br\/site\/wp-json\/"}],"wp:attachment":[{"href":"http:\/\/www.apucarana.pr.gov.br\/site\/wp-json\/wp\/v2\/media?parent=22087"}],"wp:term":[{"taxonomy":"category","embeddable":true,"href":"http:\/\/www.apucarana.pr.gov.br\/site\/wp-json\/wp\/v2\/categories?post=22087"},{"taxonomy":"post_tag","embeddable":true,"href":"http:\/\/www.apucarana.pr.gov.br\/site\/wp-json\/wp\/v2\/tags?post=22087"}],"curies":[{"name":"wp","href":"https:\/\/api.w.org\/{rel}","templated":true}]}}