{"id":22078,"date":"2019-03-08T13:41:29","date_gmt":"2019-03-08T16:41:29","guid":{"rendered":"http:\/\/172.16.0.7\/site-antigo\/?p=22078"},"modified":"2024-10-08T09:18:25","modified_gmt":"2024-10-08T12:18:25","slug":"ame-presta-homenagem-as-mulheres-educadoras","status":"publish","type":"post","link":"http:\/\/www.apucarana.pr.gov.br\/site\/ame-presta-homenagem-as-mulheres-educadoras\/","title":{"rendered":"AME presta homenagem \u00e0s mulheres educadoras"},"content":{"rendered":"<p>Em comemora\u00e7\u00e3o ao Dia Internacional da Mulher, a Autarquia Municipal de Educa\u00e7\u00e3o prestou uma homenagem a 60 professoras e servidoras da sua rede. A cerim\u00f4nia foi realizada na noite de ontem (7\/8), no Cine Teatro F\u00eanix.<br \/>\nSegundo a secret\u00e1ria da pasta, Marli Fernandes, a maior parte dos profissionais que atuam nos centros infantis e escolas s\u00e3o mulheres. \u201cElas s\u00e3o as grandes respons\u00e1veis pela forma\u00e7\u00e3o dos futuros cidad\u00e3os. Por isso, h\u00e1 cinco anos, n\u00f3s criamos esse momento que tem a inten\u00e7\u00e3o de mostrar o nosso respeito e valoriza\u00e7\u00e3o pelo trabalho delas,\u201d afirmou.<br \/>\nAs homenageadas foram escolhidas pelos pr\u00f3prios colegas de trabalho. \u201cN\u00f3s gostar\u00edamos de entregar placas de reconhecimento a todas as colaboradoras da rede municipal, mas n\u00e3o \u00e9 poss\u00edvel devido ao grande n\u00famero de mulheres. S\u00e3o mais de mil. Por isso, n\u00f3s pedimos que cada CMEI e escola selecionasse uma funcion\u00e1ria que o representasse na noite de hoje\u201d, explicou a secret\u00e1ria.<br \/>\nO prefeito Junior da Femac participou da solenidade, acompanhado da primeira dama Carmen Lucia Izquierdo Martins. \u201cApucarana \u00e9 uma cidade maravilhosa porque as mulheres participam ativamente da comunidade. Seja como empres\u00e1rias, profissionais liberais, militares ou professoras, elas s\u00e3o imprescind\u00edveis no processo de desenvolvimento local\u201d, destacou o gestor.<br \/>\nA primeira dama lembrou que as mulheres n\u00e3o devem ser valorizadas apenas no dia 8 de mar\u00e7o, mas principalmente no cotidiano. \u201cElas s\u00e3o guerreiras que enfrentam jornadas duplas e at\u00e9 triplas para cuidar dos filhos, do lar e do emprego. N\u00f3s devemos reconhecer a import\u00e2ncia delas diariamente, nas escolas, nas ind\u00fastrias, no com\u00e9rcio ou em qualquer outro lugar\u201d, disse.<br \/>\nParticiparam tamb\u00e9m da homenagem \u00e0s mulheres educadoras, os vereadores Gentil Pereira e Rodolfo Mota; a secret\u00e1ria municipal da mulher e assuntos da fam\u00edlia, Denise Canesin Machado; e a representante do N\u00facleo Regional de Educa\u00e7\u00e3o, Loraine Viale.<\/p>\n","protected":false},"excerpt":{"rendered":"<p>Sessenta professoras e servidoras da rede municipal receberam placas de reconhecimento pela import\u00e2ncia do trabalho feminino na forma\u00e7\u00e3o dos novos cidad\u00e3os (Fotos: Profeta)<\/p>\n","protected":false},"author":4,"featured_media":22083,"comment_status":"closed","ping_status":"open","sticky":false,"template":"","format":"standard","meta":{"footnotes":""},"categories":[24],"tags":[106,185,53,92,39],"class_list":["post-22078","post","type-post","status-publish","format-standard","has-post-thumbnail","hentry","category-noticias","tag-cmeis","tag-dia-internacional-da-mulher","tag-educacao","tag-escolas-municipais","tag-prefeitura-de-apucarana"],"acf":[],"_links":{"self":[{"href":"http:\/\/www.apucarana.pr.gov.br\/site\/wp-json\/wp\/v2\/posts\/22078","targetHints":{"allow":["GET"]}}],"collection":[{"href":"http:\/\/www.apucarana.pr.gov.br\/site\/wp-json\/wp\/v2\/posts"}],"about":[{"href":"http:\/\/www.apucarana.pr.gov.br\/site\/wp-json\/wp\/v2\/types\/post"}],"author":[{"embeddable":true,"href":"http:\/\/www.apucarana.pr.gov.br\/site\/wp-json\/wp\/v2\/users\/4"}],"replies":[{"embeddable":true,"href":"http:\/\/www.apucarana.pr.gov.br\/site\/wp-json\/wp\/v2\/comments?post=22078"}],"version-history":[{"count":1,"href":"http:\/\/www.apucarana.pr.gov.br\/site\/wp-json\/wp\/v2\/posts\/22078\/revisions"}],"predecessor-version":[{"id":100664,"href":"http:\/\/www.apucarana.pr.gov.br\/site\/wp-json\/wp\/v2\/posts\/22078\/revisions\/100664"}],"wp:featuredmedia":[{"embeddable":true,"href":"http:\/\/www.apucarana.pr.gov.br\/site\/wp-json\/"}],"wp:attachment":[{"href":"http:\/\/www.apucarana.pr.gov.br\/site\/wp-json\/wp\/v2\/media?parent=22078"}],"wp:term":[{"taxonomy":"category","embeddable":true,"href":"http:\/\/www.apucarana.pr.gov.br\/site\/wp-json\/wp\/v2\/categories?post=22078"},{"taxonomy":"post_tag","embeddable":true,"href":"http:\/\/www.apucarana.pr.gov.br\/site\/wp-json\/wp\/v2\/tags?post=22078"}],"curies":[{"name":"wp","href":"https:\/\/api.w.org\/{rel}","templated":true}]}}