{"id":22067,"date":"2019-03-08T11:45:48","date_gmt":"2019-03-08T14:45:48","guid":{"rendered":"http:\/\/172.16.0.7\/site-antigo\/?p=22067"},"modified":"2024-10-08T09:18:25","modified_gmt":"2024-10-08T12:18:25","slug":"trabalhadoras-da-saude-participam-de-palestra-motivacional","status":"publish","type":"post","link":"http:\/\/www.apucarana.pr.gov.br\/site\/trabalhadoras-da-saude-participam-de-palestra-motivacional\/","title":{"rendered":"Trabalhadoras da sa\u00fade participam de palestra motivacional"},"content":{"rendered":"<p>Com a presen\u00e7a do secret\u00e1rio de Estado da Sa\u00fade, Beto Preto, e do prefeito de Apucarana, Junior da Femac, trabalhadoras da sa\u00fade participaram nesta sexta-feira (08\/03) de palestras motivacionais. O evento, alusivo ao Dia Internacional da Mulher, ocorreu na 16\u00aa Regional de Sa\u00fade (RS) e reuniu profissionais de 17 munic\u00edpios da regi\u00e3o.<br \/>\nA enfermeira do trabalho Carolina Bocchi Maia ministrou a palestra \u201cFlores\u00e7a onde est\u00e1 plantado\u201d, enquanto o coach Ademilson Machado abordou o tema \u201cDirecione sua vida e profiss\u00e3o para o caminho certo\u201d. Tamb\u00e9m foram sorteados brindes e foi servido um lanche para as cerca de 100 participantes.<br \/>\nO m\u00e9dico Altimar Carletto, chefe da 16\u00aa RS, afirma que ao longo do ano as mulheres participam de diversas palestras t\u00e9cnicas e que\u00a0 no Dia da Mulher a inten\u00e7\u00e3o foi, al\u00e9m de prestar uma homenagem, de focar o aspecto motivacional. \u201cAs servidoras dos munic\u00edpios que comp\u00f5em a Regional de Sa\u00fade puderam, al\u00e9m da confraterniza\u00e7\u00e3o, participar de palestras para elevar ainda mais a auto-estima, incentivando que as mulheres se esmerem cada vez mais no trabalho da sa\u00fade p\u00fablica\u201d, frisa Carletto.<br \/>\nJunior da Femac avaliou o papel desempenhado pelas trabalhadoras da sa\u00fade, ressaltando a capacidade de atendimento. \u201cSa\u00fade, cuidado, combina com a mulher. Voc\u00eas possuem uma vis\u00e3o da vida diferenciada, conseguindo perceber nuances, os detalhes, as cores e as tonalidades. E tudo isso se reflete no atendimento que voc\u00eas prestam na \u00e1rea da sa\u00fade. Eu tenho duas filhas que, junto com a minha esposa, permitem que eu perceba a riqueza que \u00e9 o universo feminino\u201d, menciona.<br \/>\nO prefeito de Apucarana lembra que v\u00e1rias a\u00e7\u00f5es marcam a data no m\u00eas de mar\u00e7o e aproveitou a oportunidade para convidar\u00a0 as mulheres para participarem nos dias 16 e 17 do 1\u00ba Festival Apucarana Cidade Mulher. \u201cSer\u00e1 no estacionamento do Complexo Esportivo do Lago\u00e3o. Haver\u00e1 exposi\u00e7\u00e3o de profiss\u00f5es, feira de servi\u00e7os, beleza e sa\u00fade, sorteio de brindes, shows musicais gratuitos e pra\u00e7a de alimenta\u00e7\u00e3o\u201d, cita Junior da Femac.<br \/>\n<strong>BALAN\u00c7O &#8211;<\/strong> O secret\u00e1rio estadual de Sa\u00fade fez um relato das primeiras a\u00e7\u00f5es \u00e0 frente da pasta. De acordo com ele, inicialmente est\u00e1 sendo feito um diagn\u00f3stico da situa\u00e7\u00e3o financeira, com a revis\u00e3o de licita\u00e7\u00f5es e processos administrativos. \u201cEncontramos um buraco financeiro de R$ 1 bilh\u00e3o e 200 milh\u00f5es e encontramos at\u00e9 um hospital, com 47 servidores, fechado em Tel\u00eamaco Borba\u201d, exemplifica.<br \/>\nBeto Preto tamb\u00e9m anunciou algumas medidas, como a reativa\u00e7\u00e3o do Hospital de Reabilita\u00e7\u00e3o em Curitiba, atrav\u00e9s de uma fus\u00e3o com o Complexo do Hospital do Trabalhador. \u201cCom essa reestrutura\u00e7\u00e3o, tenho certeza que n\u00f3s vamos abrir mais vagas para pacientes que s\u00e3o encaminhados pelos munic\u00edpios. Exatamente como foi feito aqui na Prefeitura, administrando do bairro para centro, acontecer\u00e1 na gest\u00e3o do governador Ratinho Junior, ou seja, um governo do interior para a capital\u201d, pontua.<br \/>\nBeto Preto tamb\u00e9m comentou sobre o avan\u00e7o de doen\u00e7as como a febre amarela, a dengue que est\u00e1 atingindo as pessoas com maior agressividade e os recentes casos de meningite. \u201cNo ano passado, eu j\u00e1 apontava que faltavam vacinas e pude constatar isso. No caso da meningite, h\u00e1 uma demanda de quase 90 mil vacinas por m\u00eas e recebemos apenas 66 mil por m\u00eas. Faltam vacinas sim e vamos enfrentar a situa\u00e7\u00e3o, mas para isso \u00e9 necess\u00e1rio haver transpar\u00eancia\u201d, reconhece o secret\u00e1rio de estado da Sa\u00fade.<\/p>\n","protected":false},"excerpt":{"rendered":"<p>Evento reuniu profissionais de 17 munic\u00edpios da regi\u00e3o e contou com a presen\u00e7a do secret\u00e1rio de Estado da Sa\u00fade, Beto Preto, e do prefeito de Apucarana, Junior da Femac. (Foto: Josias Profeta)<\/p>\n","protected":false},"author":4,"featured_media":22071,"comment_status":"closed","ping_status":"open","sticky":false,"template":"","format":"standard","meta":{"footnotes":""},"categories":[24],"tags":[],"class_list":["post-22067","post","type-post","status-publish","format-standard","has-post-thumbnail","hentry","category-noticias"],"acf":[],"_links":{"self":[{"href":"http:\/\/www.apucarana.pr.gov.br\/site\/wp-json\/wp\/v2\/posts\/22067","targetHints":{"allow":["GET"]}}],"collection":[{"href":"http:\/\/www.apucarana.pr.gov.br\/site\/wp-json\/wp\/v2\/posts"}],"about":[{"href":"http:\/\/www.apucarana.pr.gov.br\/site\/wp-json\/wp\/v2\/types\/post"}],"author":[{"embeddable":true,"href":"http:\/\/www.apucarana.pr.gov.br\/site\/wp-json\/wp\/v2\/users\/4"}],"replies":[{"embeddable":true,"href":"http:\/\/www.apucarana.pr.gov.br\/site\/wp-json\/wp\/v2\/comments?post=22067"}],"version-history":[{"count":1,"href":"http:\/\/www.apucarana.pr.gov.br\/site\/wp-json\/wp\/v2\/posts\/22067\/revisions"}],"predecessor-version":[{"id":100665,"href":"http:\/\/www.apucarana.pr.gov.br\/site\/wp-json\/wp\/v2\/posts\/22067\/revisions\/100665"}],"wp:featuredmedia":[{"embeddable":true,"href":"http:\/\/www.apucarana.pr.gov.br\/site\/wp-json\/"}],"wp:attachment":[{"href":"http:\/\/www.apucarana.pr.gov.br\/site\/wp-json\/wp\/v2\/media?parent=22067"}],"wp:term":[{"taxonomy":"category","embeddable":true,"href":"http:\/\/www.apucarana.pr.gov.br\/site\/wp-json\/wp\/v2\/categories?post=22067"},{"taxonomy":"post_tag","embeddable":true,"href":"http:\/\/www.apucarana.pr.gov.br\/site\/wp-json\/wp\/v2\/tags?post=22067"}],"curies":[{"name":"wp","href":"https:\/\/api.w.org\/{rel}","templated":true}]}}