{"id":22060,"date":"2019-03-07T17:08:13","date_gmt":"2019-03-07T20:08:13","guid":{"rendered":"http:\/\/172.16.0.7\/site-antigo\/?p=22060"},"modified":"2024-10-08T09:18:25","modified_gmt":"2024-10-08T12:18:25","slug":"programas-de-residencias-da-autarquia-de-saude-iniciam-novas-turmas","status":"publish","type":"post","link":"http:\/\/www.apucarana.pr.gov.br\/site\/programas-de-residencias-da-autarquia-de-saude-iniciam-novas-turmas\/","title":{"rendered":"Programas de resid\u00eancias da Autarquia de Sa\u00fade iniciam novas turmas"},"content":{"rendered":"<p>Com 29 alunos de Minas Gerais, S\u00e3o Paulo, de Apucarana e outras cidades da regi\u00e3o, foi realizada hoje a aula inaugural da 4\u00aa turma do Programa de Resid\u00eancia Multiprofissional e a 2\u00aa turma da Resid\u00eancia M\u00e9dica com especialidade em dermatologia da Autarquia Municipal de Sa\u00fade (AMS) de Apucarana. No evento, realizado no p\u00f3lo da Universidade Aberta do Brasil (UAB), com a participa\u00e7\u00e3o do prefeito Junior da Femac, foi destacada a import\u00e2ncia e a efetiva contribui\u00e7\u00e3o dos residentes para melhoria da qualidade do atendimento na rede p\u00fablica de sa\u00fade do munic\u00edpio.<br \/>\n\u201cSejam todos bem vindos. Os residentes participam de uma organiza\u00e7\u00e3o de excel\u00eancia que se empenha muito no que faz e voc\u00eas agora fazem parte dessa equipe. N\u00f3s acreditamos que \u00e9 poss\u00edvel fazer uma sa\u00fade p\u00fablica de qualidade com profissionais capacitados, planejamento e um acolhimento especial e humanizado dos pacientes. A atua\u00e7\u00e3o dos residentes tem sido essencial para atingirmos esse objetivo\u201d, afirmou Junior da Femac.<br \/>\nO diretor presidente da AMS, Roberto Kaneta, disse que resid\u00eancia gera saber que \u00e9 utilizado no enfrentamento de enfermidades, cobertura vacinal, redu\u00e7\u00e3o de filas nas especialidades, como no caso de dermatologia, bem como da fila do UPA. \u201cOs residentes podem e est\u00e3o agindo para constru\u00e7\u00e3o do processo de melhoria da sa\u00fade no nosso munic\u00edpio\u201d, avaliou Kaneta.<br \/>\nOs 29 residentes que iniciaram as aulas hoje foram aprovados na sele\u00e7\u00e3o p\u00fablica realizada em dezembro do ano passado. A aula inaugural teve a palestra proferida pela enfermeira e ex-professora da Universidade Estadual de Londrina, Rossana Baduy, que abordou o tema \u201cDesafios da forma\u00e7\u00e3o para o SUS nos dias de hoje\u201d.<br \/>\nA coordenadora da Comiss\u00e3o de Resid\u00eancia Multiprofissional da AMS, Franciele Nogueira Smanioto, detalhou que o Programa de Resid\u00eancia Multiprofissional em Aten\u00e7\u00e3o B\u00e1sica recebeu hoje 18 residentes, entre os quais enfermeiros, profissionais de Educa\u00e7\u00e3o F\u00edsica, fisioterapeutas, nutricionistas, odont\u00f3logos e psic\u00f3logos. J\u00e1 no Programa de Resid\u00eancia em Enfermagem Obst\u00e9trica s\u00e3o 3 residentes enfermeiros, e no Programa de Resid\u00eancia Multiprofissional em Sa\u00fade Mental, iniciaram 6 residentes entre assistentes sociais, enfermeiros e psic\u00f3logos.<br \/>\nO Programa de Resid\u00eancia M\u00e9dica, por sua vez, s\u00e3o dois novos residentes, na especialidade de dermatologia. Os novos residentes, a exemplo dos\u00a028 profissionais que fazem parte da resid\u00eancia multiprofissional e m\u00e9dica 2018, v\u00e3o atuar na rede p\u00fablica de sa\u00fade como Unidade de Pronto Atendimento (UPA), Servi\u00e7o de Atendimento M\u00f3vel de Urg\u00eancia (SAMU), Unidades B\u00e1sicas de Sa\u00fade (UBSs) na Autarquia Municipal de Sa\u00fade, Cisvir, Hospital da Provid\u00eancia e Hospital Materno Infantil. Eles t\u00eam direito a uma bolsa\/remunera\u00e7\u00e3o mensal de R$ 3.330,43, paga pelo Minist\u00e9rio da Sa\u00fade.<br \/>\n<strong>Programas entram no 4\u00ba ano<\/strong><br \/>\nO credenciamento dos programas de resid\u00eancia m\u00e9dica e multiprofissional pela Autarquia Municipal de Sa\u00fade, junto ao governo federal, foi oficializado em 2016. Ainda naquele ano, 27 profissionais na Resid\u00eancia Multiprofissional e um na M\u00e9dica iniciaram a p\u00f3s-gradua\u00e7\u00e3o de dois anos, com carga hor\u00e1ria de 60 horas semanais, sendo 48 horas de trabalho de campo e 12 horas de estudos.<br \/>\nEm 2018 e 2019 j\u00e1 aconteceram as de 1\u00aa e 2\u00aa turma, respectivamente, dos programas de resid\u00eancia multiprofissional. \u00a0Apucarana \u00e9 um dos poucos munic\u00edpios que disponibiliza resid\u00eancia multiprofissional e m\u00e9dica no Paran\u00e1, o que tornou o munic\u00edpio um\u00a0polo de forma\u00e7\u00e3o de profissionais da \u00e1rea da sa\u00fade.<\/p>\n","protected":false},"excerpt":{"rendered":"<p>Os 29 novos residentes pertencem a 9 \u00e1reas profissionais, al\u00e9m de uma m\u00e9dica com especialidade em dermatologia (Fotos &#8211; Profeta)<\/p>\n","protected":false},"author":4,"featured_media":22061,"comment_status":"closed","ping_status":"open","sticky":false,"template":"","format":"standard","meta":{"footnotes":""},"categories":[24],"tags":[],"class_list":["post-22060","post","type-post","status-publish","format-standard","has-post-thumbnail","hentry","category-noticias"],"acf":[],"_links":{"self":[{"href":"http:\/\/www.apucarana.pr.gov.br\/site\/wp-json\/wp\/v2\/posts\/22060","targetHints":{"allow":["GET"]}}],"collection":[{"href":"http:\/\/www.apucarana.pr.gov.br\/site\/wp-json\/wp\/v2\/posts"}],"about":[{"href":"http:\/\/www.apucarana.pr.gov.br\/site\/wp-json\/wp\/v2\/types\/post"}],"author":[{"embeddable":true,"href":"http:\/\/www.apucarana.pr.gov.br\/site\/wp-json\/wp\/v2\/users\/4"}],"replies":[{"embeddable":true,"href":"http:\/\/www.apucarana.pr.gov.br\/site\/wp-json\/wp\/v2\/comments?post=22060"}],"version-history":[{"count":1,"href":"http:\/\/www.apucarana.pr.gov.br\/site\/wp-json\/wp\/v2\/posts\/22060\/revisions"}],"predecessor-version":[{"id":100666,"href":"http:\/\/www.apucarana.pr.gov.br\/site\/wp-json\/wp\/v2\/posts\/22060\/revisions\/100666"}],"wp:featuredmedia":[{"embeddable":true,"href":"http:\/\/www.apucarana.pr.gov.br\/site\/wp-json\/"}],"wp:attachment":[{"href":"http:\/\/www.apucarana.pr.gov.br\/site\/wp-json\/wp\/v2\/media?parent=22060"}],"wp:term":[{"taxonomy":"category","embeddable":true,"href":"http:\/\/www.apucarana.pr.gov.br\/site\/wp-json\/wp\/v2\/categories?post=22060"},{"taxonomy":"post_tag","embeddable":true,"href":"http:\/\/www.apucarana.pr.gov.br\/site\/wp-json\/wp\/v2\/tags?post=22060"}],"curies":[{"name":"wp","href":"https:\/\/api.w.org\/{rel}","templated":true}]}}