{"id":22052,"date":"2019-03-07T12:33:19","date_gmt":"2019-03-07T15:33:19","guid":{"rendered":"http:\/\/172.16.0.7\/site-antigo\/?p=22052"},"modified":"2024-10-08T09:18:25","modified_gmt":"2024-10-08T12:18:25","slug":"exercito-realiza-neste-domingo-a-corrida-da-paz","status":"publish","type":"post","link":"http:\/\/www.apucarana.pr.gov.br\/site\/exercito-realiza-neste-domingo-a-corrida-da-paz\/","title":{"rendered":"Ex\u00e9rcito realiza neste domingo a Corrida da Paz"},"content":{"rendered":"<p>O 30\u00ba Batalh\u00e3o de Infantaria Mecanizado (BIMec) realiza neste domingo (10\/03) a Corrida da Paz, com\u00a0in\u00edcio \u00e0s 9h10, no entorno do Lago Jaboti. O evento,\u00a0que conta com o apoio da Prefeitura de Apucarana, n\u00e3o possui fins competitivos e n\u00e3o ser\u00e1 necess\u00e1rio fazer inscri\u00e7\u00e3o. Os interessados podem chegar no local no hor\u00e1rio programado, integrando-se \u00e0 pr\u00e1tica esportiva.<br \/>\nDe acordo com a Se\u00e7\u00e3o de Comunica\u00e7\u00e3o Social do 30\u00ba BIMec, tamb\u00e9m n\u00e3o haver\u00e1 delimita\u00e7\u00e3o de dist\u00e2ncia. Cada participante definir\u00e1 se a pr\u00e1tica esportiva ser\u00e1 feita na forma de corrida ou caminhada, bem como o trecho a ser percorrido, podendo ser uma ou mais voltas no entorno do Lago Jaboti.<br \/>\nAl\u00e9m de militares do 30\u00ba BIMec, o evento dever\u00e1 contar com a participa\u00e7\u00e3o de equipes que treinam e participam de provas pedestres. Na edi\u00e7\u00e3o do ano passado, a Corrida da Paz reuniu cerca de 300 pessoas.<br \/>\nA Corrida da Paz foi criada pelo Conselho Internacional do Esporte Militar e consiste na organiza\u00e7\u00e3o de uma jornada esportiva (corrida e caminhada),\u00a0 com a inten\u00e7\u00e3o de promover a pr\u00e1tica esportiva no \u00e2mbito das For\u00e7as Armadas e da comunidade civil, contribuindo \u00a0com a paz mundial. Neste ano a inten\u00e7\u00e3o \u00e9 ultrapassar a marca de corredores ao redor do mundo, sendo que o Brasil tem alcan\u00e7ado o primeiro lugar no ranking das na\u00e7\u00f5es participantes.<\/p>\n","protected":false},"excerpt":{"rendered":"<p>Evento \u00e9 promovido em v\u00e1rios pa\u00edses e, em Apucarana, a jornada esportiva acontecer\u00e1 no entorno do Lago Jaboti<\/p>\n","protected":false},"author":4,"featured_media":22053,"comment_status":"closed","ping_status":"open","sticky":false,"template":"","format":"standard","meta":{"footnotes":""},"categories":[24],"tags":[],"class_list":["post-22052","post","type-post","status-publish","format-standard","has-post-thumbnail","hentry","category-noticias"],"acf":[],"_links":{"self":[{"href":"http:\/\/www.apucarana.pr.gov.br\/site\/wp-json\/wp\/v2\/posts\/22052","targetHints":{"allow":["GET"]}}],"collection":[{"href":"http:\/\/www.apucarana.pr.gov.br\/site\/wp-json\/wp\/v2\/posts"}],"about":[{"href":"http:\/\/www.apucarana.pr.gov.br\/site\/wp-json\/wp\/v2\/types\/post"}],"author":[{"embeddable":true,"href":"http:\/\/www.apucarana.pr.gov.br\/site\/wp-json\/wp\/v2\/users\/4"}],"replies":[{"embeddable":true,"href":"http:\/\/www.apucarana.pr.gov.br\/site\/wp-json\/wp\/v2\/comments?post=22052"}],"version-history":[{"count":1,"href":"http:\/\/www.apucarana.pr.gov.br\/site\/wp-json\/wp\/v2\/posts\/22052\/revisions"}],"predecessor-version":[{"id":100667,"href":"http:\/\/www.apucarana.pr.gov.br\/site\/wp-json\/wp\/v2\/posts\/22052\/revisions\/100667"}],"wp:featuredmedia":[{"embeddable":true,"href":"http:\/\/www.apucarana.pr.gov.br\/site\/wp-json\/"}],"wp:attachment":[{"href":"http:\/\/www.apucarana.pr.gov.br\/site\/wp-json\/wp\/v2\/media?parent=22052"}],"wp:term":[{"taxonomy":"category","embeddable":true,"href":"http:\/\/www.apucarana.pr.gov.br\/site\/wp-json\/wp\/v2\/categories?post=22052"},{"taxonomy":"post_tag","embeddable":true,"href":"http:\/\/www.apucarana.pr.gov.br\/site\/wp-json\/wp\/v2\/tags?post=22052"}],"curies":[{"name":"wp","href":"https:\/\/api.w.org\/{rel}","templated":true}]}}