{"id":22044,"date":"2019-03-06T19:04:46","date_gmt":"2019-03-06T22:04:46","guid":{"rendered":"http:\/\/172.16.0.7\/site-antigo\/?p=22044"},"modified":"2024-10-08T09:18:25","modified_gmt":"2024-10-08T12:18:25","slug":"1o-apucarana-cidade-mulher-tera-feira-de-servicos-e-shows-gratuitos","status":"publish","type":"post","link":"http:\/\/www.apucarana.pr.gov.br\/site\/1o-apucarana-cidade-mulher-tera-feira-de-servicos-e-shows-gratuitos\/","title":{"rendered":"1\u00ba Apucarana Cidade Mulher ter\u00e1 feira de servi\u00e7os e shows gratuitos"},"content":{"rendered":"<p>A Prefeitura de Apucarana lan\u00e7a nesta sexta-feira (08\/03), Dia Internacional da Mulher, a programa\u00e7\u00e3o oficial de atividades do \u201cM\u00eas da Mulher\u201d. O evento, que contar\u00e1 com a presen\u00e7a do prefeito J\u00fanior da Femac, acontece \u00e0s 18 horas, na Pra\u00e7a Semiramis Braga (Pra\u00e7a do Clube 28), e ser\u00e1 marcado por uma caminhada por ruas centrais. Na sequ\u00eancia do m\u00eas, uma s\u00e9rie de atividades est\u00e1 planejada e ser\u00e1 desenvolvida pelas diversas secretarias municipais, sendo que o ponto alto ser\u00e1 o 1\u00ba Apucarana Cidade Mulher, que acontece dias 16 e 17 no estacionamento do Complexo Esportivo Jos\u00e9 Ant\u00f4nio Basso (Lago\u00e3o).<br \/>\nOs detalhes do evento foram definidos nesta quarta-feira (06\/03), durante uma reuni\u00e3o no gabinete municipal. \u201cSer\u00e1 um evento \u00e0 altura da import\u00e2ncia da mulher apucaranense, que estamos preparando com muito carinho para que seja marcante na hist\u00f3ria da cidade, sendo apenas a primeira de muitas edi\u00e7\u00f5es\u201d, ponta o prefeito J\u00fanior da Femac. Segundo ele, a festa prev\u00ea exposi\u00e7\u00e3o de profiss\u00f5es, feira de servi\u00e7os, beleza e sa\u00fade, show de pr\u00eamios com sorteio de brindes cedidos pelo com\u00e9rcio local, shows musicais gratuitos e pra\u00e7a de alimenta\u00e7\u00e3o.<br \/>\nA programa\u00e7\u00e3o do 1\u00ba Apucarana Cidade Mulher ter\u00e1 in\u00edcio \u00e0s 18 horas do dia 16 de mar\u00e7o (um s\u00e1bado), com abertura da pra\u00e7a gastron\u00f4mica, exposi\u00e7\u00e3o de profiss\u00f5es e feira de servi\u00e7os. \u00c0s 21 horas est\u00e1 previsto show musical com a Banda Inox.<br \/>\nNo dia 17, a programa\u00e7\u00e3o reinicia \u00e0s 11 horas com almo\u00e7o na pra\u00e7a gastron\u00f4mica. \u00c0s 16h30, show de pr\u00eamios com sorteio de brindes e, a partir das 18 horas, novo show com a Banda Inox e membros da Banda Apollus Band.<br \/>\n\u201cDiversas secretarias da Prefeitura de Apucarana v\u00e3o estar presentes nos dois dias levando \u00e0s mulheres servi\u00e7os de sa\u00fade, educa\u00e7\u00e3o, assist\u00eancia social, esportes e lazer, cultura, seguran\u00e7a e assessoria jur\u00eddica, informa\u00e7\u00f5es sobre cursos profissionalizantes, economia solid\u00e1ria e empreendedorismo, enfim, toda uma gama de atividades e pol\u00edticas p\u00fablicas desenvolvidas diariamente pela administra\u00e7\u00e3o municipal\u201d, destaca o prefeito de Apucarana. Tamb\u00e9m devem estar presentes o 10\u00ba Batalh\u00e3o da Pol\u00edcia Militar do Paran\u00e1 (10\u00ba BPM), 17\u00aa Subdivis\u00e3o Policial da Pol\u00edcia Civil do Paran\u00e1 (17\u00ba SPD) e 30\u00ba Batalh\u00e3o de Infantaria Mecanizado (30\u00ba BIMec).<br \/>\nOutros eventos \u2013 Al\u00e9m do 1\u00ba Apucarana Cidade Mulher, o \u201cM\u00eas da Mulher\u201d planejado pela Prefeitura de Apucarana prev\u00ea nesta quinta-feira (07\/03), a partir das 18 horas, no Cine Teatro F\u00eanix, uma homenagem \u00e0s professoras e servidoras da rede municipal de ensino. Promovido pela Autarquia Municipal de Educa\u00e7\u00e3o (AME), o evento marca a \u201cV Noite da Mulher Educadora\u201d. \u201cA Educa\u00e7\u00e3o \u00e9 o maior departamento da administra\u00e7\u00e3o municipal. Atualmente, o setor possui aproximadamente 1.400 servidores, sendo mais de 90% destes s\u00e3o mulheres\u201d, revela o prefeito J\u00fanior da Femac.<br \/>\nNa sexta-feira (08\/03), tamb\u00e9m a partir das 18 horas, com sa\u00edda da Pra\u00e7a Semiramis Braga (Pra\u00e7a do Clube 28), est\u00e1 prevista uma caminhada por ruas centrais. \u201cEste ato, bem no Dia Internacional da Mulher, marca o lan\u00e7amento oficial da programa\u00e7\u00e3o\u201d, pontua o prefeito.<br \/>\nAo longo do m\u00eas, as escolas e centros municipais de educa\u00e7\u00e3o infantil v\u00e3o realizar atividades internas de valoriza\u00e7\u00e3o da mulher. \u201cTamb\u00e9m teremos a\u00e7\u00f5es especiais em todas as demais \u00e1reas com \u00eanfase a exames preventivos na \u00e1rea da sa\u00fade, cursos profissionalizantes no Centro de Oficinas da Mulher, empreendedorismo e economia solid\u00e1ria com feiras em diversos pontos de Apucarana, entre outras atividades\u201d, diz J\u00fanior, salientando que a programa\u00e7\u00e3o ser\u00e1 encerrada dia 30 de mar\u00e7o com a 9\u00aa Caminhada Internacional da Lua. O percurso \u00e9 de 13 quil\u00f4metros, com sa\u00edda \u00e0s 18h30, defronte ao Cine Teatro F\u00eanix.<br \/>\nA realiza\u00e7\u00e3o \u00e9 da Secretaria Municipal da Promo\u00e7\u00e3o Art\u00edstica, Cultural e Tur\u00edstica de Apucarana (Promatur), em parceria com a Emater e Anda Brasil. A participa\u00e7\u00e3o \u00e9 gratuita, mas na chegada ser\u00e1 servido um jantar por ades\u00e3o, no sal\u00e3o paroquial do Barreiro, no valor de R$25 por pessoa com pagamento antecipado. Mais detalhes pelo site https:\/\/www.ecobooking.com.br ou direto no Cine Teatro F\u00eanix &#8211; Avenida Curitiba, 1215 at\u00e9 o dia 29 de mar\u00e7o. Telefone 3423-2944 ou pelo e-mail caminhadas.apucarana@gmail.com.<br \/>\n\u201cM\u00caS DA MULHER\u201d \u2013 PRINCIPAIS EVENTOS<br \/>\n07\/03 &#8211; \u201cV Noite da Mulher Educadora\u201d<br \/>\nLocal: Cine Teatro F\u00eanix<br \/>\nHor\u00e1rio: 18 horas<br \/>\n08\/03 \u2013 Lan\u00e7amento \u201cM\u00eas da Mulher\u201d com caminhada<br \/>\nLocal: Pra\u00e7a Semiramis Braga (Pra\u00e7a do Clube 28)<br \/>\nHor\u00e1rio: 18 horas<br \/>\n16 e 17\/03 &#8211; 1\u00ba Apucarana Cidade Mulher*<br \/>\nLocal: Estacionamento do Complexo Esportivo Jos\u00e9 Ant\u00f4nio Basso (Lago\u00e3o)<br \/>\nHor\u00e1rio: A partir das 18 horas do dia 16 de mar\u00e7o. \u00c0s 21 horas show com Banda Inox<br \/>\n\t   A partir das 11 horas do dias 17 de mar\u00e7o. \u00c0s 16h30, show de pr\u00eamios com sorteio de brindes e, a partir das 18 horas, novo show com a Banda Inox e membros da Banda Apollus Band<br \/>\n* Festa prev\u00ea exposi\u00e7\u00e3o de profiss\u00f5es, feira de servi\u00e7os, beleza e sa\u00fade, show de pr\u00eamios com sorteio de brindes cedidos pelo com\u00e9rcio local, shows musicais gratuitos e pra\u00e7a de alimenta\u00e7\u00e3o<br \/>\n30\/03 &#8211; 9\u00aa Caminhada Internacional da Lua<br \/>\nLocal: Sa\u00edda defronte ao Cine Teatro F\u00eanix<br \/>\nHor\u00e1rio: 18h30<\/p>\n","protected":false},"excerpt":{"rendered":"<p>Evento da Prefeitura de Apucarana acontece dias 16 e 17 de mar\u00e7o no estacionamento do Complexo Esportivo Jos\u00e9 Ant\u00f4nio Basso (Lago\u00e3o) e prev\u00ea ainda exposi\u00e7\u00e3o de profiss\u00f5es, show de pr\u00eamios e pra\u00e7a de alimenta\u00e7\u00e3o (Foto: Profeta)<\/p>\n","protected":false},"author":4,"featured_media":22047,"comment_status":"closed","ping_status":"open","sticky":false,"template":"","format":"standard","meta":{"footnotes":""},"categories":[24],"tags":[],"class_list":["post-22044","post","type-post","status-publish","format-standard","has-post-thumbnail","hentry","category-noticias"],"acf":[],"_links":{"self":[{"href":"http:\/\/www.apucarana.pr.gov.br\/site\/wp-json\/wp\/v2\/posts\/22044","targetHints":{"allow":["GET"]}}],"collection":[{"href":"http:\/\/www.apucarana.pr.gov.br\/site\/wp-json\/wp\/v2\/posts"}],"about":[{"href":"http:\/\/www.apucarana.pr.gov.br\/site\/wp-json\/wp\/v2\/types\/post"}],"author":[{"embeddable":true,"href":"http:\/\/www.apucarana.pr.gov.br\/site\/wp-json\/wp\/v2\/users\/4"}],"replies":[{"embeddable":true,"href":"http:\/\/www.apucarana.pr.gov.br\/site\/wp-json\/wp\/v2\/comments?post=22044"}],"version-history":[{"count":1,"href":"http:\/\/www.apucarana.pr.gov.br\/site\/wp-json\/wp\/v2\/posts\/22044\/revisions"}],"predecessor-version":[{"id":100668,"href":"http:\/\/www.apucarana.pr.gov.br\/site\/wp-json\/wp\/v2\/posts\/22044\/revisions\/100668"}],"wp:featuredmedia":[{"embeddable":true,"href":"http:\/\/www.apucarana.pr.gov.br\/site\/wp-json\/"}],"wp:attachment":[{"href":"http:\/\/www.apucarana.pr.gov.br\/site\/wp-json\/wp\/v2\/media?parent=22044"}],"wp:term":[{"taxonomy":"category","embeddable":true,"href":"http:\/\/www.apucarana.pr.gov.br\/site\/wp-json\/wp\/v2\/categories?post=22044"},{"taxonomy":"post_tag","embeddable":true,"href":"http:\/\/www.apucarana.pr.gov.br\/site\/wp-json\/wp\/v2\/tags?post=22044"}],"curies":[{"name":"wp","href":"https:\/\/api.w.org\/{rel}","templated":true}]}}