{"id":22041,"date":"2019-03-06T15:16:01","date_gmt":"2019-03-06T18:16:01","guid":{"rendered":"http:\/\/172.16.0.7\/site-antigo\/?p=22041"},"modified":"2024-10-08T09:18:25","modified_gmt":"2024-10-08T12:18:25","slug":"apucarana-inicia-revisao-do-plano-diretor","status":"publish","type":"post","link":"http:\/\/www.apucarana.pr.gov.br\/site\/apucarana-inicia-revisao-do-plano-diretor\/","title":{"rendered":"Apucarana inicia revis\u00e3o do Plano Diretor"},"content":{"rendered":"<p>A partir deste m\u00eas at\u00e9 novembro, o Instituto de Desenvolvimento, Pesquisa e Planejamento de Apucarana (Idepplan) vai promover a revis\u00e3o do Plano Diretor de Desenvolvimento, um comp\u00eandio de leis que trata zoneamento e per\u00edmetro urbano, parcelamento do solo, edifica\u00e7\u00f5es e sistema vi\u00e1rio, al\u00e9m do C\u00f3digo de Posturas. O trabalho ser\u00e1 executado em conjunto com uma consultoria contratada e ter\u00e1 participa\u00e7\u00e3o aberta \u00e0 popula\u00e7\u00e3o atrav\u00e9s de diversas audi\u00eancias p\u00fablicas.<br \/>\nO primeiro passo acontece em 11 de mar\u00e7o, a partir das 18h30, no audit\u00f3rio do CREA\/Apucarana, com a realiza\u00e7\u00e3o de uma audi\u00eancia p\u00fablica. \u201cA participa\u00e7\u00e3o da popula\u00e7\u00e3o \u00e9 de suma import\u00e2ncia para que o plano possa, de fato, refletir a vontade da comunidade. Esta primeira audi\u00eancia vai ser a oportunidade das pessoas saberem mais sobre o que \u00e9 o plano diretor, qual o seu impacto para o desenvolvimento de uma cidade. Tamb\u00e9m ser\u00e1 um momento de tirar d\u00favidas\u201d, diz J\u00fanior da Femac, prefeito de Apucarana. A audi\u00eancia ter\u00e1 assessoria da equipe t\u00e9cnica do Idepplan e ser\u00e1 conduzida por engenheiros e arquitetos urbanistas da DRZ Gest\u00e3o de Cidades, empresa que venceu a licita\u00e7\u00e3o.<br \/>\nAtualmente est\u00e1 em vigor uma vers\u00e3o atualizada, em 2015, do plano diretor de 2008. \u201cAo longo de 2014, a gest\u00e3o do ex-prefeito Beto Preto, juntamente com a participa\u00e7\u00e3o da popula\u00e7\u00e3o, realizou um trabalho de atualiza\u00e7\u00e3o das leis, que na pr\u00e1tica trouxeram muitos benef\u00edcios para Apucarana, com destaque \u00e0 verticaliza\u00e7\u00e3o da cidade. Outros setores, como o sistema vi\u00e1rio, tamb\u00e9m tiveram ganhos importantes, mas precisamos avan\u00e7ar ainda mais, por isso refor\u00e7o convoca\u00e7\u00e3o para que a popula\u00e7\u00e3o esteja conosco novamente, pensando agora a cidade que queremos para os pr\u00f3ximos 10 anos atrav\u00e9s desta revis\u00e3o geral e completa\u201d, pontua J\u00fanior.<br \/>\nEst\u00e3o sendo esperados para a audi\u00eancia de mobiliza\u00e7\u00e3o representantes de associa\u00e7\u00f5es de classe e entidades diversas, \u00f3rg\u00e3os p\u00fablicos, vereadores, lideran\u00e7as comunit\u00e1rias e popula\u00e7\u00e3o em geral. \u201cO plano diretor define as diretrizes que ir\u00e3o nortear as pol\u00edticas municipais de desenvolvimento e expans\u00e3o urbana. Traz o que pode ou n\u00e3o ser feito. Mexe verdadeiramente com a vida das pessoas, ditando se pode abrir uma empresa na rua onde voc\u00ea mora, se pode ou n\u00e3o construir um edif\u00edcio ao lado da sua casa. Que tipo de ind\u00fastria pode ter em determinado local, se no bairro pode construir unidades bifamiliares ou s\u00f3 unifamiliar, e uma s\u00e9rie de outras regras\u201d, detalha Carlos Mendes, superintendente de Tr\u00e2nsito, Transporte e Seguran\u00e7a do Idepplan.<br \/>\nCanais de di\u00e1logo v\u00e3o tirar d\u00favidas e colher sugest\u00f5es<br \/>\nAt\u00e9 o m\u00eas de novembro ser\u00e3o realizadas diversas audi\u00eancias p\u00fablicas, inclusive nos distritos. \u201cA prefeitura vai atuar para garantir plena participa\u00e7\u00e3o popular, uma gest\u00e3o democr\u00e1tica da cidade\u201d, diz Mendes. Ele lembra que as altera\u00e7\u00f5es que ser\u00e3o feitas nesta revis\u00e3o ter\u00e3o validade de 10 anos, podendo ser atualizadas somente ap\u00f3s cinco anos. \u201cPor isso \u00e9 imprescind\u00edvel que todos participem deste processo. A hora \u00e9 agora. Depois que virar lei, n\u00e3o tem o que fazer\u201d, alerta o superintendente do Idepplan, Carlos Mendes.<br \/>\nDurante as audi\u00eancias p\u00fablicas est\u00e3o previstas quatro fases de trabalho. \u201cEsse primeiro momento, como dito, ser\u00e1 de mobiliza\u00e7\u00e3o. Teremos ainda uma segunda fase de an\u00e1lise tem\u00e1tica integrada, uma terceira que ser\u00e3o abordadas as diretrizes e propostas para o novo plano e um quarto momento que vai ser tratado de legisla\u00e7\u00e3o e planos de a\u00e7\u00f5es\u201d, explica Carlos Mendes.<br \/>\nParalelo \u00e0s audi\u00eancias p\u00fablicas, o Idepplan ir\u00e1 abrir outros canais de di\u00e1logo com a popula\u00e7\u00e3o. \u201cVamos manter sempre a clareza e transpar\u00eancia dos trabalhos. No site oficial da prefeitura ser\u00e1 criado um canal interativo com a consultora DRZ, onde a popula\u00e7\u00e3o poder\u00e1 tirar d\u00edvidas e enviar sugest\u00f5es, interagindo com os profissionais envolvidos\u201d, informa Carlos Mendes.<\/p>\n","protected":false},"excerpt":{"rendered":"<p>O primeiro passo acontece em 11 de mar\u00e7o, a partir das 18h30, no audit\u00f3rio do CREA\/Apucarana, com a realiza\u00e7\u00e3o de uma audi\u00eancia p\u00fablica (Foto: Edson Denobi)<\/p>\n","protected":false},"author":4,"featured_media":22042,"comment_status":"closed","ping_status":"open","sticky":false,"template":"","format":"standard","meta":{"footnotes":""},"categories":[24],"tags":[],"class_list":["post-22041","post","type-post","status-publish","format-standard","has-post-thumbnail","hentry","category-noticias"],"acf":[],"_links":{"self":[{"href":"http:\/\/www.apucarana.pr.gov.br\/site\/wp-json\/wp\/v2\/posts\/22041","targetHints":{"allow":["GET"]}}],"collection":[{"href":"http:\/\/www.apucarana.pr.gov.br\/site\/wp-json\/wp\/v2\/posts"}],"about":[{"href":"http:\/\/www.apucarana.pr.gov.br\/site\/wp-json\/wp\/v2\/types\/post"}],"author":[{"embeddable":true,"href":"http:\/\/www.apucarana.pr.gov.br\/site\/wp-json\/wp\/v2\/users\/4"}],"replies":[{"embeddable":true,"href":"http:\/\/www.apucarana.pr.gov.br\/site\/wp-json\/wp\/v2\/comments?post=22041"}],"version-history":[{"count":1,"href":"http:\/\/www.apucarana.pr.gov.br\/site\/wp-json\/wp\/v2\/posts\/22041\/revisions"}],"predecessor-version":[{"id":100670,"href":"http:\/\/www.apucarana.pr.gov.br\/site\/wp-json\/wp\/v2\/posts\/22041\/revisions\/100670"}],"wp:featuredmedia":[{"embeddable":true,"href":"http:\/\/www.apucarana.pr.gov.br\/site\/wp-json\/"}],"wp:attachment":[{"href":"http:\/\/www.apucarana.pr.gov.br\/site\/wp-json\/wp\/v2\/media?parent=22041"}],"wp:term":[{"taxonomy":"category","embeddable":true,"href":"http:\/\/www.apucarana.pr.gov.br\/site\/wp-json\/wp\/v2\/categories?post=22041"},{"taxonomy":"post_tag","embeddable":true,"href":"http:\/\/www.apucarana.pr.gov.br\/site\/wp-json\/wp\/v2\/tags?post=22041"}],"curies":[{"name":"wp","href":"https:\/\/api.w.org\/{rel}","templated":true}]}}