{"id":22037,"date":"2019-03-01T18:10:05","date_gmt":"2019-03-01T21:10:05","guid":{"rendered":"http:\/\/172.16.0.7\/site-antigo\/?p=22037"},"modified":"2024-10-08T09:18:25","modified_gmt":"2024-10-08T12:18:25","slug":"prefeitura-leva-asfalto-para-rua-bom-jesus-da-lapa","status":"publish","type":"post","link":"http:\/\/www.apucarana.pr.gov.br\/site\/prefeitura-leva-asfalto-para-rua-bom-jesus-da-lapa\/","title":{"rendered":"Prefeitura leva asfalto para Rua Bom Jesus da Lapa\u00a0"},"content":{"rendered":"<p>Uma obra esperada h\u00e1 cerca de 40 anos foi iniciada nesta semana pela Prefeitura de Apucarana. Trata-se da Rua Bom Jesus da Lapa, que liga a Avenida Minas Gerais com os fundos do Est\u00e1dio Olimpio Barreto e que tamb\u00e9m serve de acesso \u00e0 Faculdade de Apucarana (FAP) e regi\u00e3o do Jardim Flamingos.<br \/>\nSegundo o secret\u00e1rio de obras, engenheiro Herivelto Moreno, est\u00e1 sendo executada a pavimenta\u00e7\u00e3o asf\u00e1ltica sobre uma base de paralelep\u00edpedos. \u201cS\u00e3o cerca de 5 mil metros quadrados de \u00e1rea, com um custo estimado em, R$ 200 mil, com recursos pr\u00f3prios do munic\u00edpio\u201d, informa Moreno.<br \/>\nO prefeito Junior da Femac vistoriou as obras nesta sexta-feira (1) e conversou com moradores da regi\u00e3o. O mec\u00e2nico Elder Gaspar, que mant\u00e9m uma oficina h\u00e1 20 anos na regi\u00e3o, agradeceu Junior pela obra. \u201cOs desn\u00edveis no cal\u00e7amento com paralelep\u00edpedos vinham ocasionando danos em ve\u00edculos e dificultando o tr\u00e1fego nesta rua\u201d, relatou Gaspar.<br \/>\nA dona de casa Suzana Vieira, que reside na Rua Bom Jesus h\u00e1 21 anos, disse que a obra era esperada a muito tempo. \u201cO tr\u00e2nsito \u00e9 intenso nesta rua de paralelep\u00edpedos e o barulho incomodava bastante\u201d, afirmou a dona de casa.<br \/>\nJunior da Femac disse que os moradores da regi\u00e3o reivindicavam o asfalto h\u00e1 quase 40 anos. \u201cTrata-se de uma via de grande movimento, que d\u00e1 acesso ao Est\u00e1dio Ol\u00edmpio Barreto e tamb\u00e9m \u00e0 Faculdade de Apucarana, e agora tivemos condi\u00e7\u00f5es de realizar esta obra\u201d, assinalou ele, lembrando que este trecho foi incluindo num contrato firmado pelo ex-prefeito Beto Preto.<br \/>\n&nbsp;<\/p>\n","protected":false},"excerpt":{"rendered":"<p> A via liga a Avenida Minas Gerais com os fundos do Est\u00e1dio Ol\u00edmpio Barreto e  tamb\u00e9m serve de acesso \u00e0 Faculdade de Apucarana (FAP) e regi\u00e3o do Jardim Flamingos (Fotos -Profeta)<\/p>\n","protected":false},"author":4,"featured_media":22038,"comment_status":"closed","ping_status":"open","sticky":false,"template":"","format":"standard","meta":{"footnotes":""},"categories":[24],"tags":[],"class_list":["post-22037","post","type-post","status-publish","format-standard","has-post-thumbnail","hentry","category-noticias"],"acf":[],"_links":{"self":[{"href":"http:\/\/www.apucarana.pr.gov.br\/site\/wp-json\/wp\/v2\/posts\/22037","targetHints":{"allow":["GET"]}}],"collection":[{"href":"http:\/\/www.apucarana.pr.gov.br\/site\/wp-json\/wp\/v2\/posts"}],"about":[{"href":"http:\/\/www.apucarana.pr.gov.br\/site\/wp-json\/wp\/v2\/types\/post"}],"author":[{"embeddable":true,"href":"http:\/\/www.apucarana.pr.gov.br\/site\/wp-json\/wp\/v2\/users\/4"}],"replies":[{"embeddable":true,"href":"http:\/\/www.apucarana.pr.gov.br\/site\/wp-json\/wp\/v2\/comments?post=22037"}],"version-history":[{"count":1,"href":"http:\/\/www.apucarana.pr.gov.br\/site\/wp-json\/wp\/v2\/posts\/22037\/revisions"}],"predecessor-version":[{"id":100671,"href":"http:\/\/www.apucarana.pr.gov.br\/site\/wp-json\/wp\/v2\/posts\/22037\/revisions\/100671"}],"wp:featuredmedia":[{"embeddable":true,"href":"http:\/\/www.apucarana.pr.gov.br\/site\/wp-json\/"}],"wp:attachment":[{"href":"http:\/\/www.apucarana.pr.gov.br\/site\/wp-json\/wp\/v2\/media?parent=22037"}],"wp:term":[{"taxonomy":"category","embeddable":true,"href":"http:\/\/www.apucarana.pr.gov.br\/site\/wp-json\/wp\/v2\/categories?post=22037"},{"taxonomy":"post_tag","embeddable":true,"href":"http:\/\/www.apucarana.pr.gov.br\/site\/wp-json\/wp\/v2\/tags?post=22037"}],"curies":[{"name":"wp","href":"https:\/\/api.w.org\/{rel}","templated":true}]}}