{"id":22026,"date":"2019-03-01T17:44:29","date_gmt":"2019-03-01T20:44:29","guid":{"rendered":"http:\/\/172.16.0.7\/site-antigo\/?p=22026"},"modified":"2024-10-08T09:18:25","modified_gmt":"2024-10-08T12:18:25","slug":"junior-da-femac-libera-reforma-e-ampliacao-da-capela-mortuaria","status":"publish","type":"post","link":"http:\/\/www.apucarana.pr.gov.br\/site\/junior-da-femac-libera-reforma-e-ampliacao-da-capela-mortuaria\/","title":{"rendered":"J\u00fanior da Femac libera reforma e amplia\u00e7\u00e3o da capela mortu\u00e1ria"},"content":{"rendered":"<p>Constru\u00edda na d\u00e9cada de 90, a Capela Mortu\u00e1ria Central de Apucarana passar\u00e1 por uma ampla reforma e amplia\u00e7\u00e3o. A ordem de servi\u00e7o foi assinada nesta sexta-feira (01\/03), em solenidade no gabinete municipal, pelo prefeito J\u00fanior da Femac. \u201cEst\u00e1 \u00e9 uma obra pensada com muito carinho pela gest\u00e3o do ex-prefeito Beto Preto para atender com mais conforto \u00e0s fam\u00edlias apucaranenses no momento mais dif\u00edcil para todos n\u00f3s, que \u00e9 a hora em que perdemos um ente, e tamb\u00e9m a todos os funcion\u00e1rios e religiosos que atuam no local para amenizar a dor humana\u201d, assinalou o prefeito J\u00fanior da Femac.<br \/>\nParticiparam do ato o presidente da C\u00e2mara Municipal de Vereadores, Luciano Molina, acompanhado dos vereadores Francylei \u201cPoim\u201d Godoi, Ant\u00f4nio Carlos Sidrim, Gentil Pereira e Marcos da Vila Reis, o diretor-presidente da Autarquia dos Servi\u00e7os Funer\u00e1rios de Apucarana (Aserfa), Marcos Bueno, al\u00e9m de lideran\u00e7as comunit\u00e1rias e religiosas, servidores da Aserfa e secret\u00e1rios municipais.<br \/>\nElaborado em parceria pelos profissionais da Secretaria Municipal de Obras e Instituto de Desenvolvimento, Pesquisa e Planejamento de Apucarana (Idepplan), o projeto prev\u00ea reforma dos 550 metros quadrados de constru\u00e7\u00e3o existentes e amplia\u00e7\u00e3o de 160 metros quadrados, com a constru\u00e7\u00e3o de uma sala com capacidade para at\u00e9 dois vel\u00f3rios simult\u00e2neos, copa, \u00e1rea para descanso e banheiros com acessibilidade. Atualmente, a capela central conta com quatro salas para esse fim.<br \/>\nAl\u00e9m da amplia\u00e7\u00e3o, a reforma anunciada prev\u00ea troca de piso, janelas, revis\u00e3o de toda a rede el\u00e9trica, hidr\u00e1ulica e de esgoto, reforma de banheiros e telhado (elimina\u00e7\u00e3o de infiltra\u00e7\u00f5es). A \u00e1rea externa tamb\u00e9m receber\u00e1 revitaliza\u00e7\u00e3o. O investimento \u00e9 na ordem de R$552.604,00, com recursos municipais, e a respons\u00e1vel pela execu\u00e7\u00e3o dos servi\u00e7os ser\u00e1 a empresa Pires Constru\u00e7\u00f5es e Empreendimentos Ltda, de Apucarana. As obras devem durar cerca de 180 dias. \u201cO dinheiro j\u00e1 est\u00e1 reservado h\u00e1 bastante tempo, pois a gest\u00e3o Beto Preto \u00e9 transparente e honesta, n\u00e3o tem politicagem. S\u00f3 iniciamos uma obra quando o dinheiro est\u00e1 dispon\u00edvel na conta, ao contr\u00e1rio do que ocorria no passado\u201d, disse o prefeito J\u00fanior da Femac, agradecendo aos vereadores por aprovarem o or\u00e7amento municipal. \u201cAgrade\u00e7o aos nove vereadores que ap\u00f3iam o mandato, pois de nada adiantaria termos os recursos se n\u00e3o tiv\u00e9ssemos a aprova\u00e7\u00e3o para aplic\u00e1-los. Os vereadores representam o grande conselho da cidade\u201d, assinalou o prefeito, salientando que assim que a obra estiver pronta tamb\u00e9m j\u00e1 autorizou a instala\u00e7\u00e3o de equipamentos de ar-condicionado.<br \/>\nParabenizando a administra\u00e7\u00e3o municipal pelo investimento, o presidente da C\u00e2mara de Vereadores, Luciano Molina, disse que a Aserfa presta um trabalho de primeira. \u201cN\u00f3s vereadores praticamente n\u00e3o temos reclama\u00e7\u00f5es sobre os servi\u00e7os prestados, mesmo diante da grande demanda. Pelos dados que apurei s\u00e3o em m\u00e9dia mil \u00f3bitos todo o ano. Parab\u00e9ns a toda equipe da Aserfa e nosso reconhecimento ao investimento feito pela gest\u00e3o municipal. A cidade cresceu e melhorias s\u00e3o necess\u00e1rias para dar mais conforto \u00e0s fam\u00edlias que passam por aquele local para velar seus entes queridos\u201d, pontuou Molina.<br \/>\nO diretor-presidente da Aserfa, Marcos Bueno, lembrou que Apucarana det\u00e9m o monop\u00f3lio dos servi\u00e7os funer\u00e1rios desde 1989. \u201cA municipaliza\u00e7\u00e3o foi uma decis\u00e3o de prote\u00e7\u00e3o para o cidad\u00e3o e algo que temos que valorizar muito. S\u00e3o poucas as cidades do Brasil que oferecem essa prote\u00e7\u00e3o, que se traduz em servi\u00e7os de baixo custo. Onde isto n\u00e3o existe, o que acontece muito \u00e9 fam\u00edlias constrangidas em um momento muito dif\u00edcil, diante do grande valor cobrado pela prepara\u00e7\u00e3o do corpo, vel\u00f3rio e sepultamento\u201d, contextualizou. Com rela\u00e7\u00e3o \u00e0s obras autorizadas, Bueno lembrou que J\u00fanior da Femac d\u00e1 continuidade a pol\u00edtica de investimento iniciada pela gest\u00e3o do ex-prefeito Beto Preto. \u201cNos \u00faltimos seis anos foram constru\u00eddas duas novas capelas mortu\u00e1rias, sendo uma no Distrito de Vila Reis e outra no Jardim Ponta Grossa, tamb\u00e9m promovemos muitas melhorias nos cemit\u00e9rios municipais. Al\u00e9m disso, est\u00e3o em andamento tr\u00e2mites de estrutura\u00e7\u00e3o do novo cemit\u00e9rio municipal &#8211; Morada da Paz -, que vai ser constru\u00eddo na regi\u00e3o da Gleba Barra Nova\u201d, salientou o diretor-presidente da Aserfa.<br \/>\nAserfa ter\u00e1 sede pr\u00f3pria<br \/>\nAp\u00f3s assinar a ordem de servi\u00e7o autorizando a reforma e amplia\u00e7\u00e3o da Capela Mortu\u00e1ria Central, o prefeito J\u00fanior da Femac anunciou que em breve ser\u00e1 licitada a constru\u00e7\u00e3o da sede pr\u00f3pria da Autarquia dos Servi\u00e7os Funer\u00e1rios de Apucarana (Aserfa). Desde sua cria\u00e7\u00e3o, em 1989, a institui\u00e7\u00e3o funciona em im\u00f3vel alugado. \u201cOnde ela est\u00e1 hoje n\u00e3o condiz com sua import\u00e2ncia, por isso vamos investir mais cerca de R$800 mil, com recursos pr\u00f3prios, para viabilizar sua sede definitiva\u201d, disse J\u00fanior.<br \/>\nO local escolhido para a edifica\u00e7\u00e3o fica junto \u00e0 capela mortu\u00e1ria central. \u201cAl\u00e9m desta obra de reforma e amplia\u00e7\u00e3o, tenho em mente uma s\u00e9rie de outras melhorias para este espa\u00e7o, que logo tamb\u00e9m abrigar\u00e1 a sede pr\u00f3pria da Aserfa\u201d, comentou o prefeito. Entre as melhorias est\u00e1 a readequa\u00e7\u00e3o do espa\u00e7o para ampliar vagas de estacionamento.<br \/>\nOutro investimento anunciado na solenidade foi a reforma da capela mortu\u00e1ria do Distrito de Pirap\u00f3. \u201cEste projeto tamb\u00e9m est\u00e1 em elabora\u00e7\u00e3o e logo iremos licitar\u201d, revelou J\u00fanior da Femac. As melhorias devem absorver cerca de R$150 mil, tamb\u00e9m em recursos pr\u00f3prios.<\/p>\n","protected":false},"excerpt":{"rendered":"<p>Projeto prev\u00ea investimento na ordem de R$552,6 mil com constru\u00e7\u00e3o de nova sala com capacidade para at\u00e9 dois vel\u00f3rios, troca de piso, janelas, revis\u00e3o de toda a rede el\u00e9trica, hidr\u00e1ulica e de esgoto, reforma de banheiros e telhado (Foto: Profeta)<\/p>\n","protected":false},"author":4,"featured_media":22033,"comment_status":"closed","ping_status":"open","sticky":false,"template":"","format":"standard","meta":{"footnotes":""},"categories":[24],"tags":[],"class_list":["post-22026","post","type-post","status-publish","format-standard","has-post-thumbnail","hentry","category-noticias"],"acf":[],"_links":{"self":[{"href":"http:\/\/www.apucarana.pr.gov.br\/site\/wp-json\/wp\/v2\/posts\/22026","targetHints":{"allow":["GET"]}}],"collection":[{"href":"http:\/\/www.apucarana.pr.gov.br\/site\/wp-json\/wp\/v2\/posts"}],"about":[{"href":"http:\/\/www.apucarana.pr.gov.br\/site\/wp-json\/wp\/v2\/types\/post"}],"author":[{"embeddable":true,"href":"http:\/\/www.apucarana.pr.gov.br\/site\/wp-json\/wp\/v2\/users\/4"}],"replies":[{"embeddable":true,"href":"http:\/\/www.apucarana.pr.gov.br\/site\/wp-json\/wp\/v2\/comments?post=22026"}],"version-history":[{"count":1,"href":"http:\/\/www.apucarana.pr.gov.br\/site\/wp-json\/wp\/v2\/posts\/22026\/revisions"}],"predecessor-version":[{"id":100672,"href":"http:\/\/www.apucarana.pr.gov.br\/site\/wp-json\/wp\/v2\/posts\/22026\/revisions\/100672"}],"wp:featuredmedia":[{"embeddable":true,"href":"http:\/\/www.apucarana.pr.gov.br\/site\/wp-json\/"}],"wp:attachment":[{"href":"http:\/\/www.apucarana.pr.gov.br\/site\/wp-json\/wp\/v2\/media?parent=22026"}],"wp:term":[{"taxonomy":"category","embeddable":true,"href":"http:\/\/www.apucarana.pr.gov.br\/site\/wp-json\/wp\/v2\/categories?post=22026"},{"taxonomy":"post_tag","embeddable":true,"href":"http:\/\/www.apucarana.pr.gov.br\/site\/wp-json\/wp\/v2\/tags?post=22026"}],"curies":[{"name":"wp","href":"https:\/\/api.w.org\/{rel}","templated":true}]}}