{"id":21926,"date":"2019-02-26T17:17:18","date_gmt":"2019-02-26T20:17:18","guid":{"rendered":"http:\/\/172.16.0.7\/site-antigo\/?p=21926"},"modified":"2024-10-08T09:18:26","modified_gmt":"2024-10-08T12:18:26","slug":"pre-conferencias-discutem-acoes-futuras-para-melhoria-da-saude","status":"publish","type":"post","link":"http:\/\/www.apucarana.pr.gov.br\/site\/pre-conferencias-discutem-acoes-futuras-para-melhoria-da-saude\/","title":{"rendered":"Pr\u00e9-confer\u00eancias discutem a\u00e7\u00f5es futuras para melhoria da sa\u00fade"},"content":{"rendered":"<p>Com a participa\u00e7\u00e3o de 98 entidades cadastradas, as duas Pr\u00e9-confer\u00eancias Municipal de Sa\u00fade de Apucarana realizadas no s\u00e1bado (23) e ontem (25) reuniram cerca de 400 pessoas no sal\u00e3o nobre do Col\u00e9gio Estadual Nilo Cairo. O objetivo de promover um debate e elaborar propostas que definam a\u00e7\u00f5es futuras para melhorar o atendimento da sa\u00fade p\u00fablica no munic\u00edpio foi plenamente atingido.<br \/>\nNos dois dias do evento foram elaboradas nada menos do que 143 propostas que agora ser\u00e3o apresentadas, analisadas e aprovadas ou n\u00e3o na 11\u00aa Confer\u00eancia Municipal de Sa\u00fade que vai acontecer nos dias 5 e 6 de abril, na na Unespar\/FECEA. \u201cTodas as sugest\u00f5es s\u00e3o muito valiosas, mas algumas foram defendidas com mais veem\u00eancia e consenso dentro dos grupos de diferentes segmentos cadastrados nas pr\u00e9-confer\u00eancias\u201d, observa do presidente do Conselho Municipal de Sa\u00fade, Marcelo Viana de Castro<br \/>\nPromover mutir\u00f5es e campanhas com o objetivo de desafogar as consultas de especialidades; criar uma unidade especializada no atendimento ao idoso; e garantir sala de espera adequada para melhorar o acolhimento dos usu\u00e1rios nas Unidades B\u00e1sicas de Sa\u00fade. \u201cS\u00e3o apenas alguns exemplos das propostas apresentadas nos dois dias das pr\u00e9-confer\u00eancias, lembrando que essas e as outras sugest\u00f5es voltam a ser temas de debate, an\u00e1lise e submetidas a aprova\u00e7\u00e3o pelos delegados eleitos dentro de cada segmento nestas duas pr\u00e9-confer\u00eancias\u201d, explica Viana, reiterando que a pr\u00e9-confer\u00eancia \u00e9 o momento de apresentar id\u00e9ias que ir\u00e3o subsidiar a gest\u00e3o municipal com novas propostas para inclus\u00e3o no planejamento da sa\u00fade..<br \/>\nPara dimensionar a representatividade da participa\u00e7\u00e3o nas pr\u00e9-confer\u00eancias, no s\u00e1bado o evento foi destinado aos usu\u00e1rios da sa\u00fade, como clubes de servi\u00e7os, associa\u00e7\u00f5es de bairros e conselhos locais de sa\u00fade. J\u00e1 na segunda-feira havia representantes dos gestores municipal (Autarquia de Sa\u00fade) estadual (16\u00aa Regional de Sa\u00fade), prestadores de servi\u00e7os como cl\u00ednicas, Cisvir, laborat\u00f3rios de an\u00e1lises cl\u00ednicas, Adefiap APAE, Hospital da Provid\u00eancia e ainda trabalhadores, incluindo servidores p\u00fablicos e particulares, como de sindicatos e de entidades de classe.<br \/>\nO prefeito Junior da Femac agradeceu a todos que atenderam o chamamento Autarquia de Sa\u00fade para essa importante discuss\u00e3o. \u201cA gest\u00e3o Beto Preto gosta de ouvir para depois colocar em pr\u00e1tica o que foi sugerido. Vamos priorizar recursos no que voc\u00eas decidirem que \u00e9 importante para que nossa sa\u00fade melhore. Preciso de voc\u00eas para fazer da sa\u00fade de Apucarana a melhor do Paran\u00e1\u201d, conclamou Junior.<br \/>\n<strong>Resultados de confer\u00eancias<\/strong><br \/>\nJunior da Femac lembrou que as confer\u00eancias municipais j\u00e1 comprovaram ter resultados pr\u00e1ticos na gest\u00e3o Beto Preto. De acordo com o prefeito, o fornecimento de uniforme escolar e frutas na merenda dos alunos da rede municipal s\u00e3o apenas dois exemplos de propostas aprovadas na Confer\u00eancia Municipal da Educa\u00e7\u00e3o e que se tornaram uma realidade. \u201cA verticaliza\u00e7\u00e3o hoje faz parte da paisagem da cidade. Os 20 pr\u00e9dios que est\u00e3o sendo constru\u00eddos s\u00e3o resultado da mudan\u00e7a no plano diretor realizada para atender uma proposta da Confer\u00eancia das Cidades. Neste mesmo evento tamb\u00e9m foi decidido que precisava fazer cal\u00e7adas e hoje a administra\u00e7\u00e3o municipal j\u00e1 mais de 200 quil\u00f4metros de cal\u00e7adas executados\u201d, exemplifica Junior.<br \/>\n&nbsp;<\/p>\n","protected":false},"excerpt":{"rendered":"<p>Reunindo um p\u00fablico de 400 pessoas, nos debates realizados no s\u00e1bado e ontem sa\u00edram 143 propostas que ser\u00e3o levadas na Confer\u00eancia Municipal, em abril (Fotos &#8211; Profeta)<\/p>\n","protected":false},"author":4,"featured_media":21927,"comment_status":"closed","ping_status":"open","sticky":false,"template":"","format":"standard","meta":{"footnotes":""},"categories":[24],"tags":[],"class_list":["post-21926","post","type-post","status-publish","format-standard","has-post-thumbnail","hentry","category-noticias"],"acf":[],"_links":{"self":[{"href":"http:\/\/www.apucarana.pr.gov.br\/site\/wp-json\/wp\/v2\/posts\/21926","targetHints":{"allow":["GET"]}}],"collection":[{"href":"http:\/\/www.apucarana.pr.gov.br\/site\/wp-json\/wp\/v2\/posts"}],"about":[{"href":"http:\/\/www.apucarana.pr.gov.br\/site\/wp-json\/wp\/v2\/types\/post"}],"author":[{"embeddable":true,"href":"http:\/\/www.apucarana.pr.gov.br\/site\/wp-json\/wp\/v2\/users\/4"}],"replies":[{"embeddable":true,"href":"http:\/\/www.apucarana.pr.gov.br\/site\/wp-json\/wp\/v2\/comments?post=21926"}],"version-history":[{"count":1,"href":"http:\/\/www.apucarana.pr.gov.br\/site\/wp-json\/wp\/v2\/posts\/21926\/revisions"}],"predecessor-version":[{"id":100682,"href":"http:\/\/www.apucarana.pr.gov.br\/site\/wp-json\/wp\/v2\/posts\/21926\/revisions\/100682"}],"wp:featuredmedia":[{"embeddable":true,"href":"http:\/\/www.apucarana.pr.gov.br\/site\/wp-json\/"}],"wp:attachment":[{"href":"http:\/\/www.apucarana.pr.gov.br\/site\/wp-json\/wp\/v2\/media?parent=21926"}],"wp:term":[{"taxonomy":"category","embeddable":true,"href":"http:\/\/www.apucarana.pr.gov.br\/site\/wp-json\/wp\/v2\/categories?post=21926"},{"taxonomy":"post_tag","embeddable":true,"href":"http:\/\/www.apucarana.pr.gov.br\/site\/wp-json\/wp\/v2\/tags?post=21926"}],"curies":[{"name":"wp","href":"https:\/\/api.w.org\/{rel}","templated":true}]}}