{"id":21922,"date":"2019-02-26T15:19:21","date_gmt":"2019-02-26T18:19:21","guid":{"rendered":"http:\/\/172.16.0.7\/site-antigo\/?p=21922"},"modified":"2024-10-08T09:18:26","modified_gmt":"2024-10-08T12:18:26","slug":"curso-gratuito-de-gestao-de-pequenas-empresas-inscreve-para-nova-turma","status":"publish","type":"post","link":"http:\/\/www.apucarana.pr.gov.br\/site\/curso-gratuito-de-gestao-de-pequenas-empresas-inscreve-para-nova-turma\/","title":{"rendered":"Curso gratuito de gest\u00e3o de pequenas empresas inscreve para nova turma"},"content":{"rendered":"<p>Com o objetivo de levar capacita\u00e7\u00e3o empresarial a micro e pequenos empreendedores, formalizados ou n\u00e3o, e tamb\u00e9m a pessoas interessada em abrir o pr\u00f3prio neg\u00f3cio, a Prefeitura de Apucarana juntamente com o campus Apucarana da Universidade Estadual do Paran\u00e1 (Unespar), Sebrae Apucarana, Sala do Empreendedor e Fomento Paran\u00e1, realizam a partir deste dia 7 de mar\u00e7o mais um curso de forma\u00e7\u00e3o.<br \/>\nAs inscri\u00e7\u00f5es para o curso, que \u00e9 gratuito, est\u00e3o abertas e devem ser feitas na Sala do Empreendedor, no t\u00e9rreo da prefeitura. \u201cSer\u00e3o 18 encontros sobre gest\u00e3o de neg\u00f3cios, com instru\u00e7\u00f5es sobre gest\u00e3o comercial, financeira, de pessoal, estrat\u00e9gica, com um b\u00f4nus de mais tr\u00eas encontros sobre licita\u00e7\u00e3o. Totalmente gratuito do in\u00edcio ao fim, com aulas das 19 \u00e0s 22 horas \u00e0s segundas, ter\u00e7as e quartas-feiras\u201d, assinala Cec\u00edlia Werneck, coordenadora do Bom Neg\u00f3cio Paran\u00e1 pela Unespar.<br \/>\nSegundo ela, as pessoas capacitadas pelo curso t\u00eam maiores chances de permanecer no mercado. \u201cO conte\u00fado visa instruir o empreendedor a gerenciar o seu neg\u00f3cio para que ele fique mais s\u00f3lido, conseguindo um crescimento melhor de maneira a se estabilizar, porque hoje no com\u00e9rcio a concorr\u00eancia \u00e9 acirrada e n\u00e3o d\u00e1 para brincar, sen\u00e3o voc\u00ea perde dinheiro\u201d, destaca Cec\u00edlia.<br \/>\nO Programa Bom Neg\u00f3cio Paran\u00e1 \u00e9 maior iniciativa de capacita\u00e7\u00e3o gratuita na \u00e1rea de empreendedorismo no pa\u00eds. Esta vai ser a 14\u00aa turma a ser capacitada em Apucarana, capacitando mais de 700 pessoas. Na \u00e1rea de abrang\u00eancia da Unespar j\u00e1 s\u00e3o mais de 3 mil pessoas. O secret\u00e1rio Municipal de Ind\u00fastria e Com\u00e9rcio, Edison Estrope, destaca que a falta de conhecimento na gest\u00e3o de pequenas empresas \u00e9 o fator que mais gera fal\u00eancias e a qualifica\u00e7\u00e3o na gest\u00e3o de neg\u00f3cios diminuiu essa possibilidade. \u201cEste relacionamento feito dentro do Bom Neg\u00f3cio Paran\u00e1 tem rendido frutos positivos, tanto \u00e9 que no ano passado tivemos um crescimento no n\u00famero de microempreendedores individuais (MEIs). As capacita\u00e7\u00f5es t\u00eam motivado muitas pessoas, que antes trabalhavam no fundo do quintal, a alavancarem seus neg\u00f3cios. Elas recebem uma orienta\u00e7\u00e3o ampla. Descobrem que n\u00e3o \u00e9 s\u00f3 montar uma empresa, \u00e9 preciso saber como \u00e9 que vai administrar financeiramente, administrar os recursos humanos, pois administrar pessoas \u00e9 um dos setores que mais d\u00e1 trabalho em uma empresa, enfim, recebem todos os fundamentos necess\u00e1rios para frutificar seus empreendimentos\u201d, refor\u00e7ou Estrope.<br \/>\nEle destaca aqui que a capacita\u00e7\u00e3o em Apucarana inclui a introdu\u00e7\u00e3o \u00e0 licita\u00e7\u00e3o em \u00f3rg\u00e3os p\u00fablicos. \u201cEnsinamos aonde eles podem obter mais ganhos, que \u00e9 a possibilidade de se habilitarem a fornecer seus produtos ou servi\u00e7os a \u00f3rg\u00e3os do poder p\u00fablico. N\u00e3o ficar s\u00f3 no \u201cb\u00ea-a-b\u00e1\u201d. Para se ter uma ideia, s\u00f3 o Munic\u00edpio tem um gasto de cerca de R$75 milh\u00f5es com empresas de Apucarana e a inten\u00e7\u00e3o \u00e9 aumentar. Contudo, apenas 25% deste valor hoje \u00e9 absorvido por pequenos empres\u00e1rios\u201d, revelou o secret\u00e1rio.<br \/>\nInforma\u00e7\u00f5es sobre as inscri\u00e7\u00f5es devem ser obtidas na Sala do Empreendedor, no t\u00e9rreo da prefeitura. O contato por telefone \u00e9 o 3422-4000.<\/p>\n","protected":false},"excerpt":{"rendered":"<p>As inscri\u00e7\u00f5es para o curso, que \u00e9 gratuito, est\u00e3o abertas e devem ser feitas na Sala do Empreendedor, no t\u00e9rreo da prefeitura (Foto: Edson Denobi\/arquivo)<\/p>\n","protected":false},"author":4,"featured_media":21923,"comment_status":"closed","ping_status":"open","sticky":false,"template":"","format":"standard","meta":{"footnotes":""},"categories":[24],"tags":[],"class_list":["post-21922","post","type-post","status-publish","format-standard","has-post-thumbnail","hentry","category-noticias"],"acf":[],"_links":{"self":[{"href":"http:\/\/www.apucarana.pr.gov.br\/site\/wp-json\/wp\/v2\/posts\/21922","targetHints":{"allow":["GET"]}}],"collection":[{"href":"http:\/\/www.apucarana.pr.gov.br\/site\/wp-json\/wp\/v2\/posts"}],"about":[{"href":"http:\/\/www.apucarana.pr.gov.br\/site\/wp-json\/wp\/v2\/types\/post"}],"author":[{"embeddable":true,"href":"http:\/\/www.apucarana.pr.gov.br\/site\/wp-json\/wp\/v2\/users\/4"}],"replies":[{"embeddable":true,"href":"http:\/\/www.apucarana.pr.gov.br\/site\/wp-json\/wp\/v2\/comments?post=21922"}],"version-history":[{"count":1,"href":"http:\/\/www.apucarana.pr.gov.br\/site\/wp-json\/wp\/v2\/posts\/21922\/revisions"}],"predecessor-version":[{"id":100683,"href":"http:\/\/www.apucarana.pr.gov.br\/site\/wp-json\/wp\/v2\/posts\/21922\/revisions\/100683"}],"wp:featuredmedia":[{"embeddable":true,"href":"http:\/\/www.apucarana.pr.gov.br\/site\/wp-json\/"}],"wp:attachment":[{"href":"http:\/\/www.apucarana.pr.gov.br\/site\/wp-json\/wp\/v2\/media?parent=21922"}],"wp:term":[{"taxonomy":"category","embeddable":true,"href":"http:\/\/www.apucarana.pr.gov.br\/site\/wp-json\/wp\/v2\/categories?post=21922"},{"taxonomy":"post_tag","embeddable":true,"href":"http:\/\/www.apucarana.pr.gov.br\/site\/wp-json\/wp\/v2\/tags?post=21922"}],"curies":[{"name":"wp","href":"https:\/\/api.w.org\/{rel}","templated":true}]}}