{"id":21917,"date":"2019-02-25T20:42:07","date_gmt":"2019-02-25T23:42:07","guid":{"rendered":"http:\/\/172.16.0.7\/site-antigo\/?p=21917"},"modified":"2024-10-08T09:18:26","modified_gmt":"2024-10-08T12:18:26","slug":"apucarana-reivindica-gnv-e-gas-natural-da-compagas","status":"publish","type":"post","link":"http:\/\/www.apucarana.pr.gov.br\/site\/apucarana-reivindica-gnv-e-gas-natural-da-compagas\/","title":{"rendered":"Apucarana reivindica GNV e g\u00e1s natural da Compagas"},"content":{"rendered":"<p>Apucarana quer disponibilizar GNV para carros e g\u00e1s natural para caldeiras de empresas em seus parques industriais. O tema foi discutido nesta segunda-feira (25\/02), em Curitiba, durante audi\u00eancia mantida pelo prefeito Junior da Femac, com o presidente da Companhia Paranaense de G\u00e1s (Compagas), Rafael Lamastra Junior.<br \/>\nConforme argumenta o prefeito, a Compagas busca aumentar a oferta do g\u00e1s natural em todas as regi\u00f5es do Estado. \u201cUm levantamento preliminar da companhia mostrou que Apucarana tem dezenas de ind\u00fastrias que hoje utilizam o g\u00e1s liquefeito de petr\u00f3leo (GLP) ou lenha, e que poderiam passar a utilizar o g\u00e1s natural\u201d, lembrou Junior da Femac.<br \/>\nSegundo ele, al\u00e9m das ind\u00fastrias, os propriet\u00e1rio de ve\u00edculos tamb\u00e9m poderiam passar a dispor da op\u00e7\u00e3o do GNV como combust\u00edvel. \u201cEstamos nos colocando \u00e0 disposi\u00e7\u00e3o da Compagas, para ajudar na concretiza\u00e7\u00e3o deste projeto. Precisamos ter mais op\u00e7\u00f5es de fonte de energia.<br \/>\nJunior da Femac assinala que o GLP tem seu valor atrelado ao petr\u00f3leo e, nestas condi\u00e7\u00f5es, o g\u00e1s natural seria uma \u00f3tima op\u00e7\u00e3o de energia. \u201cQuanto aos carros, o GNV \u00e9 altamente competitivo, pois com apenas R$ 40,00 um ve\u00edculo tem um autonomia de at\u00e9 250 km\u201d, comenta o prefeito.<br \/>\nO presidente da Compagas, Rafael Lamastra Junior, confirmou que a empresa est\u00e1 formatando seu plano de expans\u00e3o e que j\u00e1 existe estudo sobre a demanda de Apucarana. \u201cA partir do interesse manifestado pelo prefeito vamos providenciar novos levantamentos de demanda em visitas ao munic\u00edpio\u201d, anunciou Lamastra. Participaram da reuni\u00e3o com o prefeito de Apucarana, Junior daFemac, e o presidente da Compagas, Rafael Lamastra Junior; o diretor Alexandre Lima; o superintendente Rafael Longo; e os t\u00e9cnicos Mauro Melara, Guilherme Bedene e Fabiana J\u00falio.<br \/>\nNeste ano de 2019, a Companhia Paranaense de G\u00e1s (Compagas), respons\u00e1vel pela distribui\u00e7\u00e3o de g\u00e1s natural no Paran\u00e1, planeja investir aproximadamente R$ 20 milh\u00f5es na satura\u00e7\u00e3o dos mercados residencial, comercial e industrial e em obras que garantam a integridade da rede de g\u00e1s natural.<br \/>\nAtualmente com uma rede de distribui\u00e7\u00e3o de mais de 820 km de extens\u00e3o, a companhia tem como meta aumentar sua participa\u00e7\u00e3o nos munic\u00edpios que j\u00e1 contam com o g\u00e1s natural, que s\u00e3o dezesseis no total. Al\u00e9m de direcionar esfor\u00e7os para fomentar o mercado j\u00e1 existente, a proposta e atender novas pra\u00e7as, contribuindo com a oferta de g\u00e1s natural e de seu uso como matriz energ\u00e9tica.<br \/>\n Companhia Paranaense de G\u00e1s, \u00e9 uma empresa de economia mista, tendo como acionistas a Companhia Paranaense de Energia (Copel), com 51% das a\u00e7\u00f5es, a Petrobr\u00e1s G\u00e1s S.A (Gaspetro) com 24,5% e a Mitsui G\u00e1s e Energia do Brasil Ltda, com 24,5%.<\/p>\n","protected":false},"excerpt":{"rendered":"<p>Empresa j\u00e1 tem levantamento de demanda na cidade e o pedido foi refor\u00e7ado pelo prefeito Junior da Femac (Foto: divulga\u00e7\u00e3o)<\/p>\n","protected":false},"author":4,"featured_media":21918,"comment_status":"closed","ping_status":"open","sticky":false,"template":"","format":"standard","meta":{"footnotes":""},"categories":[24],"tags":[],"class_list":["post-21917","post","type-post","status-publish","format-standard","has-post-thumbnail","hentry","category-noticias"],"acf":[],"_links":{"self":[{"href":"http:\/\/www.apucarana.pr.gov.br\/site\/wp-json\/wp\/v2\/posts\/21917","targetHints":{"allow":["GET"]}}],"collection":[{"href":"http:\/\/www.apucarana.pr.gov.br\/site\/wp-json\/wp\/v2\/posts"}],"about":[{"href":"http:\/\/www.apucarana.pr.gov.br\/site\/wp-json\/wp\/v2\/types\/post"}],"author":[{"embeddable":true,"href":"http:\/\/www.apucarana.pr.gov.br\/site\/wp-json\/wp\/v2\/users\/4"}],"replies":[{"embeddable":true,"href":"http:\/\/www.apucarana.pr.gov.br\/site\/wp-json\/wp\/v2\/comments?post=21917"}],"version-history":[{"count":1,"href":"http:\/\/www.apucarana.pr.gov.br\/site\/wp-json\/wp\/v2\/posts\/21917\/revisions"}],"predecessor-version":[{"id":100684,"href":"http:\/\/www.apucarana.pr.gov.br\/site\/wp-json\/wp\/v2\/posts\/21917\/revisions\/100684"}],"wp:featuredmedia":[{"embeddable":true,"href":"http:\/\/www.apucarana.pr.gov.br\/site\/wp-json\/"}],"wp:attachment":[{"href":"http:\/\/www.apucarana.pr.gov.br\/site\/wp-json\/wp\/v2\/media?parent=21917"}],"wp:term":[{"taxonomy":"category","embeddable":true,"href":"http:\/\/www.apucarana.pr.gov.br\/site\/wp-json\/wp\/v2\/categories?post=21917"},{"taxonomy":"post_tag","embeddable":true,"href":"http:\/\/www.apucarana.pr.gov.br\/site\/wp-json\/wp\/v2\/tags?post=21917"}],"curies":[{"name":"wp","href":"https:\/\/api.w.org\/{rel}","templated":true}]}}