{"id":21911,"date":"2019-02-25T18:09:00","date_gmt":"2019-02-25T21:09:00","guid":{"rendered":"http:\/\/172.16.0.7\/site-antigo\/?p=21911"},"modified":"2024-10-08T09:18:26","modified_gmt":"2024-10-08T12:18:26","slug":"tarifa-do-transporte-coletivo-sera-reajustada-em-333","status":"publish","type":"post","link":"http:\/\/www.apucarana.pr.gov.br\/site\/tarifa-do-transporte-coletivo-sera-reajustada-em-333\/","title":{"rendered":"Tarifa do transporte coletivo ser\u00e1 reajustada em 3,33%"},"content":{"rendered":"<p>A partir de domingo, dia 3 de mar\u00e7o, a tarifa do transporte coletivo urbano em Apucarana passa de R$ 3,00 para R$ 3,10. O percentual de reajuste ser\u00e1 de 3,33%, inferior ao percentual de 3,57%, equivalente ao \u00cdndice Nacional de Pre\u00e7os ao Consumidor (INPC) do per\u00edodo. O \u00faltimo reajuste concedido pelo munic\u00edpio foi em 15 de novembro de 2017 e, de acordo com o contrato em vigor, a empresa tem direito a um reajuste anual.<br \/>\nO valor do reajuste foi confirmado nesta segunda-feira (25\/02) pela prefeitura, ap\u00f3s algumas semanas de negocia\u00e7\u00e3o com a dire\u00e7\u00e3o da Via\u00e7\u00e3o Apucarana Ltda. (VAL), permission\u00e1ria dos servi\u00e7os no munic\u00edpio. O decreto autorizando o reajuste ser\u00e1 publicado nas pr\u00f3ximas horas no di\u00e1rio oficial do Munic\u00edpio.<br \/>\nO Procurador Geral do Munic\u00edpio, Paulo S\u00e9rgio Vital, informa que mesmo com um aumento de R$0,10 no valor, Apucarana continua mantendo a menor tarifa entre munic\u00edpios de porte m\u00e9dio e grande no Paran\u00e1. \u201cO reajuste anual do valor da tarifa est\u00e1 previsto em lei e tem por objetivo a manuten\u00e7\u00e3o do equil\u00edbrio econ\u00f4mico financeiro do sistema, no sentido de que a empresa operadora possa seguir atendendo a demanda com qualidade\u201d, explica Vital.<br \/>\nConforme explica o procurador, a empresa exigia uma tarifa com valor superior, argumentando que os pre\u00e7os praticados em cidades paranaenses de porte m\u00e9dio e outras de maior porte, j\u00e1 atingem uma faixa superior a R$ 3,50. \u201cO prefeito Junior da Femac pediu que, a exemplo do seu antecessor Beto Preto, fosse mantido um valor inferior ao dos demais munic\u00edpios do mesmo porte de Apucarana\u201d, revelou Vital.<br \/>\nA dire\u00e7\u00e3o da empresa apresentou, entre os c\u00e1lculos de custos do servi\u00e7o, os aumentos de custo no diesel, insumos (pneus, pe\u00e7as, servi\u00e7os), al\u00e9m de reajuste salarial concedido aos funcion\u00e1rios da empresa. A planilha foi avaliada pelo Instituto de desenvolvimento, Pesquisa e Planejamento de Apucarana (Idepplan) e a Procuradoria Jur\u00eddica.<br \/>\n\u201cMantivemos v\u00e1rias rodadas de negocia\u00e7\u00e3o com representantes da Via\u00e7\u00e3o Apucarana Ltda (VAL) e, ao final, ficou estabelecido o reajuste de 3,33%, com um valor de tarifa mais acess\u00edvel aos usu\u00e1rios\u201d, reiterou Paulo S\u00e9rgio Vital.<br \/>\nDe acordo com o procurador, o direito de explora\u00e7\u00e3o do sistema de transporte coletivo em Apucarana est\u00e1 em processo de licita\u00e7\u00e3o. \u201cHouve algumas paralisa\u00e7\u00f5es nos tr\u00e2mites em decorr\u00eancia de recursos e contesta\u00e7\u00f5es de concorrentes, mas o edital \u2013 com alguns ajustes \u2013 deve ser republicado nos pr\u00f3ximos dias\u201d, informou Vital, acrescentando que, atualmente a Via\u00e7\u00e3o Apucarana Ltda (VAL) mant\u00e9m o servi\u00e7o a t\u00edtulo prec\u00e1rio.<br \/>\nConfira o valor da tarifa em outras cidades do PR<br \/>\nCuritiba R$4,50*<br \/>\nMaring\u00e1 R$3,90<br \/>\nLondrina R$4,25<br \/>\nUmuarama R$4,00<br \/>\nParanava\u00ed R$3,75<br \/>\nCianorte R$3,53<br \/>\nCascavel R$3,65<br \/>\nFoz do Igua\u00e7u R$3,75<br \/>\nPonta Grossa R$3,80<br \/>\nToledo R$3,80<br \/>\nCorn\u00e9lio Proc\u00f3pio R$4,00<br \/>\nArapongas R$ 3,30**<br \/>\n*Com subs\u00eddio do Estado<br \/>\n**Com subs\u00eddio do Munic\u00edpio<\/p>\n","protected":false},"excerpt":{"rendered":"<p>A partir de domingo, usu\u00e1rios ir\u00e3o pagar R$ 3,10 pela passagem nos \u00f4nibus urbanos (Foto: Edson Denobi\/arquivo)<\/p>\n","protected":false},"author":4,"featured_media":21914,"comment_status":"closed","ping_status":"open","sticky":false,"template":"","format":"standard","meta":{"footnotes":""},"categories":[24],"tags":[],"class_list":["post-21911","post","type-post","status-publish","format-standard","has-post-thumbnail","hentry","category-noticias"],"acf":[],"_links":{"self":[{"href":"http:\/\/www.apucarana.pr.gov.br\/site\/wp-json\/wp\/v2\/posts\/21911","targetHints":{"allow":["GET"]}}],"collection":[{"href":"http:\/\/www.apucarana.pr.gov.br\/site\/wp-json\/wp\/v2\/posts"}],"about":[{"href":"http:\/\/www.apucarana.pr.gov.br\/site\/wp-json\/wp\/v2\/types\/post"}],"author":[{"embeddable":true,"href":"http:\/\/www.apucarana.pr.gov.br\/site\/wp-json\/wp\/v2\/users\/4"}],"replies":[{"embeddable":true,"href":"http:\/\/www.apucarana.pr.gov.br\/site\/wp-json\/wp\/v2\/comments?post=21911"}],"version-history":[{"count":1,"href":"http:\/\/www.apucarana.pr.gov.br\/site\/wp-json\/wp\/v2\/posts\/21911\/revisions"}],"predecessor-version":[{"id":100685,"href":"http:\/\/www.apucarana.pr.gov.br\/site\/wp-json\/wp\/v2\/posts\/21911\/revisions\/100685"}],"wp:featuredmedia":[{"embeddable":true,"href":"http:\/\/www.apucarana.pr.gov.br\/site\/wp-json\/"}],"wp:attachment":[{"href":"http:\/\/www.apucarana.pr.gov.br\/site\/wp-json\/wp\/v2\/media?parent=21911"}],"wp:term":[{"taxonomy":"category","embeddable":true,"href":"http:\/\/www.apucarana.pr.gov.br\/site\/wp-json\/wp\/v2\/categories?post=21911"},{"taxonomy":"post_tag","embeddable":true,"href":"http:\/\/www.apucarana.pr.gov.br\/site\/wp-json\/wp\/v2\/tags?post=21911"}],"curies":[{"name":"wp","href":"https:\/\/api.w.org\/{rel}","templated":true}]}}