{"id":21885,"date":"2019-02-25T10:34:08","date_gmt":"2019-02-25T13:34:08","guid":{"rendered":"http:\/\/172.16.0.7\/site-antigo\/?p=21885"},"modified":"2024-10-08T09:18:27","modified_gmt":"2024-10-08T12:18:27","slug":"apucarana-elege-miss-terceira-idade-2019","status":"publish","type":"post","link":"http:\/\/www.apucarana.pr.gov.br\/site\/apucarana-elege-miss-terceira-idade-2019\/","title":{"rendered":"Apucarana elege Miss Terceira Idade 2019"},"content":{"rendered":"<p>Maria Leonice da Silva Pedro, 60 anos, foi eleita, no \u00faltimo s\u00e1bado, Miss Terceira Idade de Apucarana 2019. A vencedora desfilou no palco do Cine Teatro F\u00eanix ao lado de outras 13 candidatas.<br \/>\nA noite do concurso foi marcada pela participa\u00e7\u00e3o vibrante das torcidas. N\u00e3o faltaram faixas, apitos, cornetas e muitos bal\u00f5es levados por familiares e amigos para apoiar e torcer pelas candidatas.<br \/>\nA faixa de Miss Simpatia da noite ficou com representante do N\u00facleo Dom Romeu, Maria Aparecida Amador, de 63 anos, mas todas receberam muitos brindes ofertados por 34 empresas patrocinadoras do evento.<br \/>\n\u201c\u00c9 uma alegria muito grande, como se tivesse ganhado na loteria. \u00c9 muito prazeroso o que estou vivendo, mas devo tudo isso a cada uma dessas mulheres maravilhosas que participaram desse concurso comigo. O conv\u00edvio com elas, as amizades que fizemos \u00e9 o pr\u00eamio mais valioso\u201d, disse Maria Leonice da Silva Pedro, moradora do N\u00facleo Sanches dos Santos.<br \/>\nO prefeito Junior da Femac valorizou a decis\u00e3o de cada candidata participar do Miss Terceira Idade. \u201cTodas s\u00e3o vencedoras. Mais que isso, na face de cada uma de voc\u00eas est\u00e3o representadas as mulheres pioneiras, guerreiras e fortes de nossa cidade\u201d, destacou Junior.<br \/>\nAo lado da esposa Carmen L\u00facia Izquierdo Martins e da filha Elisa, o prefeito Junior da Femac participou da premia\u00e7\u00e3o das candidatas.\u00a0 A entrega de brindes teve a participa\u00e7\u00e3o do vereador Poim e da vereadora Marcia Sousa, bem como das secretarias municipais da Assist\u00eancia Social, Ana Paula Nazarko; da Promo\u00e7\u00e3o Art\u00edstica, Cultural e Tur\u00edstica de Apucarana (Promatur), Maria Agar; e de Esportes e Junventude, Jossuela Pinheiro.<br \/>\nO Miss Terceira Idade, que realizou no s\u00e1bado a sua 6\u00aa edi\u00e7\u00e3o, \u00e9 uma parceria das secretarias da Promo\u00e7\u00e3o Art\u00edstica, Cultural e Tur\u00edstica de Apucarana (Promatur) e da Assist\u00eancia Social.<br \/>\n&nbsp;<br \/>\n&nbsp;<br \/>\n&nbsp;<\/p>\n","protected":false},"excerpt":{"rendered":"<p>Maria Leonice da Silva Pedro, 60 anos, ficou com o t\u00edtulo do concurso realizado no final de semana no Cine Teatro F\u00eanix (Fotos &#8211; Profeta)<\/p>\n","protected":false},"author":4,"featured_media":21886,"comment_status":"closed","ping_status":"open","sticky":false,"template":"","format":"standard","meta":{"footnotes":""},"categories":[24],"tags":[],"class_list":["post-21885","post","type-post","status-publish","format-standard","has-post-thumbnail","hentry","category-noticias"],"acf":[],"_links":{"self":[{"href":"http:\/\/www.apucarana.pr.gov.br\/site\/wp-json\/wp\/v2\/posts\/21885","targetHints":{"allow":["GET"]}}],"collection":[{"href":"http:\/\/www.apucarana.pr.gov.br\/site\/wp-json\/wp\/v2\/posts"}],"about":[{"href":"http:\/\/www.apucarana.pr.gov.br\/site\/wp-json\/wp\/v2\/types\/post"}],"author":[{"embeddable":true,"href":"http:\/\/www.apucarana.pr.gov.br\/site\/wp-json\/wp\/v2\/users\/4"}],"replies":[{"embeddable":true,"href":"http:\/\/www.apucarana.pr.gov.br\/site\/wp-json\/wp\/v2\/comments?post=21885"}],"version-history":[{"count":1,"href":"http:\/\/www.apucarana.pr.gov.br\/site\/wp-json\/wp\/v2\/posts\/21885\/revisions"}],"predecessor-version":[{"id":100687,"href":"http:\/\/www.apucarana.pr.gov.br\/site\/wp-json\/wp\/v2\/posts\/21885\/revisions\/100687"}],"wp:featuredmedia":[{"embeddable":true,"href":"http:\/\/www.apucarana.pr.gov.br\/site\/wp-json\/"}],"wp:attachment":[{"href":"http:\/\/www.apucarana.pr.gov.br\/site\/wp-json\/wp\/v2\/media?parent=21885"}],"wp:term":[{"taxonomy":"category","embeddable":true,"href":"http:\/\/www.apucarana.pr.gov.br\/site\/wp-json\/wp\/v2\/categories?post=21885"},{"taxonomy":"post_tag","embeddable":true,"href":"http:\/\/www.apucarana.pr.gov.br\/site\/wp-json\/wp\/v2\/tags?post=21885"}],"curies":[{"name":"wp","href":"https:\/\/api.w.org\/{rel}","templated":true}]}}