{"id":21872,"date":"2019-02-22T22:47:15","date_gmt":"2019-02-23T01:47:15","guid":{"rendered":"http:\/\/172.16.0.7\/site-antigo\/?p=21872"},"modified":"2024-10-08T09:18:27","modified_gmt":"2024-10-08T12:18:27","slug":"beto-preto-transmite-cargo-a-junior-da-femac","status":"publish","type":"post","link":"http:\/\/www.apucarana.pr.gov.br\/site\/beto-preto-transmite-cargo-a-junior-da-femac\/","title":{"rendered":"Beto Preto transmite cargo a Junior da Femac"},"content":{"rendered":"<p>Em ato solene realizado no in\u00edcio da noite desta sexta-feira (22\/02), com o plen\u00e1rio da C\u00e2mara Municipal de Apucarana tomado por grande p\u00fablico e autoridades, o prefeito licenciado Carlos Alberto Gebrim Preto, \u201cBeto Preto\u201d (PSD), formalizou sua decis\u00e3o de abrir m\u00e3o do cargo, para assumir a Secretaria de Estado da Sa\u00fade, atendendo a convite formulado pelo Governador do Paran\u00e1, Carlos Roberto Massa Junior, \u201cRatinho Junior\u201d.<br \/>\nAp\u00f3s o comunicado oficial ao Legislativo, Beto Preto fez a transmiss\u00e3o do cargo ao seu vice-prefeito, Sebasti\u00e3o Ferreira Martins Junior, \u201cJunior da Femac\u201d (PDT) que, a partir de agora, cumpre o mandato de prefeito de Apucarana at\u00e9 31 de dezembro de 2020.<br \/>\nA solenidade comandada pelo presidente da C\u00e2mara, vereador Luciano Molina (REDE), teve a presen\u00e7a dos deputados estaduais Arilson Chiorato (PT) e Delegado Jacov\u00f3s (PR), prefeito de Ros\u00e1rio do Iva\u00ed Ilton Kuroda, prefeito de Itamb\u00e9 Vitor Fedrigo, vereadores, secret\u00e1rios municipais, autoridades do Judici\u00e1rio, Minist\u00e9rio P\u00fablico, eclesi\u00e1sticas e p\u00fablico em geral. Estavam representados o 30\u00ba BImec, 10\u00ba BPM, Corpo de Bombeiros, Emater, UTFPR, Unespar\/Fecea, FAP, Facnopar, ACIA, Sivale, OAB, Ciretran, Sanepar e 17\u00aa SDP,  al\u00e9m de representantes de clube de servi\u00e7o, lideran\u00e7as de bairros<br \/>\nNa abertura do ato, foi feita a leitura de um breve resumo das a\u00e7\u00f5es administrativas desenvolvidas nos seis anos e cinq\u00fcenta e tr\u00eas dias de mandato do prefeito Beto Preto. As principais obras, programas e servi\u00e7os foram apresentadas no balan\u00e7o administrativo do per\u00edodo de 2013 a 2018.<br \/>\nA ex-primeira dama do Munic\u00edpio, Adriana Gon\u00e7alves e a nova primeira-dama, Carmen L\u00facia Izquierdo Martins foram homenageadas com ramalhetes de flores. E o novo prefeito Junior da Femac, entregou uma placa de homenagem ao ex-prefeito Beto Preto pelo conjunto de suas a\u00e7\u00f5es administrativas \u00e0 frente do Munic\u00edpio.<br \/>\n\u201cAgrade\u00e7o Beto Preto pela prioridade dada \u00e0 educa\u00e7\u00e3o e a sa\u00fade\u201d, diz Molina<br \/>\nAp\u00f3s dar posse oficial ao novo prefeito Junior da Femac, o presidente da C\u00e2mara, Luciano Molina fez um discurso de gratid\u00e3o ao ex-prefeito Beto Preto. \u201cAgrade\u00e7o em nome dos apucaranenses por voc\u00ea priorizar a educa\u00e7\u00e3o. Tenho 35 anos de atua\u00e7\u00e3o como professor e sei da import\u00e2ncia do que voc\u00ea construiu para as crian\u00e7as e juventude de Apucarana. Beto Preto nos surpreendeu positivamente, pois pegou uma situa\u00e7\u00e3o de extrema dificuldade e conseguiu um significativo saldo de obras\u201d, destacou Molina.<br \/>\nPara ele, Apucarana n\u00e3o perde com a sa\u00edda de Beto Preto. \u201cApucarana vai ganhar, por que ter\u00e1 Beto Preto junto do governador Ratinho Junior e poder\u00e1 atender o Munic\u00edpio e sua gente\u201d. Quanto ao prefeito Junior da Femac, Molina disse que uma pessoa bastante preparada para dar continuidade \u00e0 boa gest\u00e3o de Beto Preto.<br \/>\n\u201cTeremos ajuda do Beto Preto, de dois deputados e do Governador\u201d<br \/>\nJ\u00e1 empossado no cargo de prefeito, Junior da Femac, saudou autoridades e fez uma men\u00e7\u00e3o especial aos sues familiares. Depois agradeceu a Deus e Nossa Senhora Aparecida pelas b\u00ean\u00e7\u00e3os em sua vida. Ele tamb\u00e9m prestou homenagem ao secretariado e aos vereadores, al\u00e9m da sua equipe de trabalho no Grupo Femac.<br \/>\nPara Junior, Beto Preto ser\u00e1 o melhor secret\u00e1rio de Sa\u00fade da hist\u00f3ria do Paran\u00e1. \u201cDigo isso por que conhe\u00e7o a sua compet\u00eancia e conhecimento de causa\u201d, frisou o prefeito. Com rela\u00e7\u00e3o \u00e0 sua gest\u00e3o, Junior anunciou que continuar\u00e1 do bairro para o centro, \u201cporque todos s\u00e3o importantes para o poder p\u00fablico\u201d.<br \/>\nSegundo Junior, a educa\u00e7\u00e3o continuar\u00e1 sendo prioridade, bem como a qualifica\u00e7\u00e3o profissional, a sa\u00fade, o esporte, o com\u00e9rcio, a industrializa\u00e7\u00e3o. \u201cO trabalho dos \u00faltimos seis anos ter\u00e1 continuidade, os ideais s\u00e3o os mesmos e tudo o que est\u00e1 planejado ser\u00e1 executado. Contamos com o apoio do governador Ratinho Junior, dos nossos deputados Jacov\u00f3s e Arilson, al\u00e9m do secret\u00e1rio de sa\u00fade Beto Preto\u201d, frisou Junior, acrescentando que \u201choje Apucarana \u00e9 refer\u00eancia no Estado em v\u00e1rias \u00e1reas, tem um novo rumo e jamais voltar\u00e1 atr\u00e1s\u201d.<br \/>\n\u201cEstarei em Curitiba mais aqui tamb\u00e9m, por que meu cora\u00e7\u00e3o \u00e9 apucaranense\u201d<br \/>\nBeto Preto, visivelmente emocionado com as homenagens, disse que ao adentrar na Secretaria de estado da Sa\u00fade pediu para que Deus aben\u00e7oasse seus passos. \u201cFoi o mesmo que fiz quando cheguei em 2013 na Prefeitura de Apucarana. Tivemos uma gest\u00e3o aben\u00e7oada at\u00e9 aqui e fa\u00e7o quest\u00e3o de agradecer a todos os secret\u00e1rios, superintendentes, diretores e demais servidores, al\u00e9m dos vereadores desta e da legislatura anterior\u201d, comentou.<br \/>\nO secret\u00e1rio de Sa\u00fade do Paran\u00e1 citou n\u00fameros de sua gest\u00e3o. \u201cPagamos R$ 90 milh\u00f5es de d\u00edvidas em seis anos, e essa foi a mais cara obra realizada neste per\u00edodo; pagamos 80 folhas de sal\u00e1rios rigorosamente em dia. Implementamos 900 obras e a\u00e7\u00f5es administrativas, na constru\u00e7\u00e3o de creches, escolas, postos de sa\u00fade, 250 km de asfalto e recape, criamos programas que servem de modelo, como o Terra Forte, Economia Solid\u00e1ria e a biblioteca itinerante. Na sa\u00fade os investimentos foram abrangentes, com o CEO e os implantes dent\u00e1rios, novo laborat\u00f3rio, Centro Municipal de Especialidades M\u00e9dicas, Centro de Dermatologia, cinco novas UBS, reforma de outras 34 unidades, consultas m\u00e9dicas aumentadas em 200%\u201d.<br \/>\nAinda na sa\u00fade ele enalteceu a conquista de R$ 5 milh\u00f5es para o Centro de Oncologia do Provid\u00eancia e assegurou que a nova maternidade ter\u00e1 os recursos \u2013 cerca de R$ 12 milh\u00f5es &#8211; necess\u00e1rios para ser consolidada  Resgatamos a estrutura f\u00edsica e valorizamos o esporte, trazendo todas as competi\u00e7\u00f5es mais importantes do Paran\u00e1 para Apucarana\u201d, lembrou Beto Preto.<br \/>\nO secret\u00e1rio disse que assumiu a prefeitura endividada. \u201cApesar disso, mantivemos em dia os sal\u00e1rios, os encargos sociais e todos os demais direitos dos servidores. \u201cAgora estou deixando a gest\u00e3o com um saldo banc\u00e1rio de R$ 56 milh\u00f5es em recursos livres e recursos conveniados\u201d, informou Beto Preto, sob aplausos do p\u00fablico.<br \/>\nEle concluiu dizendo que, \u201cmesmo diante de tantas dificuldades fizemos hist\u00f3ria em Apucarana. E os 91,45% dos votos nominais obtidos na elei\u00e7\u00e3o de 2016 s\u00e3o a prova de que a cidade avan\u00e7ou e houve uma pacifica\u00e7\u00e3o pol\u00edtica. Acredito que para o futuro teremos uma Apucarana ainda mais forte no cen\u00e1rio paranaense\u201d, destacou Beto Preto. \u201cEstarei em Curitiba, mas tamb\u00e9m em Apucarana, por que meu cora\u00e7\u00e3o est\u00e1 aqui\u201d.<\/p>\n","protected":false},"excerpt":{"rendered":"<p>A partir de agora, o ex-prefeito est\u00e1 apto a atender o convite do Governador Ratinho e assumir a Secretaria de Estado da Sa\u00fade (Foto: Profeta)<\/p>\n","protected":false},"author":4,"featured_media":21880,"comment_status":"closed","ping_status":"open","sticky":false,"template":"","format":"standard","meta":{"footnotes":""},"categories":[24],"tags":[],"class_list":["post-21872","post","type-post","status-publish","format-standard","has-post-thumbnail","hentry","category-noticias"],"acf":[],"_links":{"self":[{"href":"http:\/\/www.apucarana.pr.gov.br\/site\/wp-json\/wp\/v2\/posts\/21872","targetHints":{"allow":["GET"]}}],"collection":[{"href":"http:\/\/www.apucarana.pr.gov.br\/site\/wp-json\/wp\/v2\/posts"}],"about":[{"href":"http:\/\/www.apucarana.pr.gov.br\/site\/wp-json\/wp\/v2\/types\/post"}],"author":[{"embeddable":true,"href":"http:\/\/www.apucarana.pr.gov.br\/site\/wp-json\/wp\/v2\/users\/4"}],"replies":[{"embeddable":true,"href":"http:\/\/www.apucarana.pr.gov.br\/site\/wp-json\/wp\/v2\/comments?post=21872"}],"version-history":[{"count":1,"href":"http:\/\/www.apucarana.pr.gov.br\/site\/wp-json\/wp\/v2\/posts\/21872\/revisions"}],"predecessor-version":[{"id":100689,"href":"http:\/\/www.apucarana.pr.gov.br\/site\/wp-json\/wp\/v2\/posts\/21872\/revisions\/100689"}],"wp:featuredmedia":[{"embeddable":true,"href":"http:\/\/www.apucarana.pr.gov.br\/site\/wp-json\/"}],"wp:attachment":[{"href":"http:\/\/www.apucarana.pr.gov.br\/site\/wp-json\/wp\/v2\/media?parent=21872"}],"wp:term":[{"taxonomy":"category","embeddable":true,"href":"http:\/\/www.apucarana.pr.gov.br\/site\/wp-json\/wp\/v2\/categories?post=21872"},{"taxonomy":"post_tag","embeddable":true,"href":"http:\/\/www.apucarana.pr.gov.br\/site\/wp-json\/wp\/v2\/tags?post=21872"}],"curies":[{"name":"wp","href":"https:\/\/api.w.org\/{rel}","templated":true}]}}