{"id":21865,"date":"2019-02-24T08:00:15","date_gmt":"2019-02-24T11:00:15","guid":{"rendered":"http:\/\/172.16.0.7\/site-antigo\/?p=21865"},"modified":"2024-10-08T09:18:27","modified_gmt":"2024-10-08T12:18:27","slug":"pavimento-da-avenida-itarare-recebe-micropavimento","status":"publish","type":"post","link":"http:\/\/www.apucarana.pr.gov.br\/site\/pavimento-da-avenida-itarare-recebe-micropavimento\/","title":{"rendered":"Pavimento da Avenida Itarar\u00e9 recebe micropavimento"},"content":{"rendered":"<p>A Prefeitura de Apucarana est\u00e1 revitalizando o asfalto das duas pistas da Avenida Itarar\u00e9, no Jardim Ponta Grossa. A melhoria envolve a aplica\u00e7\u00e3o de uma camada de micropavimento, que \u00e9 indicado para rejuvenescimento e impermeabiliza\u00e7\u00e3o de superf\u00edcies asf\u00e1lticas desgastadas, que apresentam porosidade ou fissuras. Os trabalhos devem ser conclu\u00eddos no in\u00edcio desta semana e atendem a cerca de 900 metros lineares de ambas as pistas, totalizando 14 mil metros quadrados, e um investimento na ordem de R$154 mil.<br \/>\n\u201cA \u201cItarar\u00e9\u201d \u00e9 uma importante via de liga\u00e7\u00e3o entre diversos bairros: jardins Ponta Grossa, Diamantina, Am\u00e9rica, n\u00facleos Vale Verde, Recanto Mundo Novo, Marcos Freire, enfim, recebe um tr\u00e1fego di\u00e1rio intenso e, com essa melhoria, tem novamente total trafegabilidade\u201d, assinalou J\u00fanior da Femac, que vistoriou a via na companhia do secret\u00e1rio Municipal de Obras, Herivelto Moreno, e do vereador Jos\u00e9 Airton \u201cDeco\u201d de Ara\u00fajo. \u201cPara se ter uma ideia da qualidade do servi\u00e7o viabilizado pela prefeitura, o micropavimento \u00e9 a t\u00e9cnica empregada pelas concession\u00e1rias, Rodonorte e Viapar, para recuperar as rodovias\u201d, observou J\u00fanior.<br \/>\nMorador do N\u00facleo Vale Verde, Luiz Carlos Fernandes, fez quest\u00e3o de parabenizar o prefeito J\u00fanior da Femac pelo investimento. \u201cEsta avenida \u00e9 a espinha dorsal de toda esta regi\u00e3o. Importante para o ir e vir de milhares de moradores e agora est\u00e1 recebendo uma aten\u00e7\u00e3o muito positiva por parte da prefeitura. S\u00f3 temos que agradecer ao Beto Preto e agora ao J\u00fanior da Femac, que vem dando continuidade aos trabalhos. Sou um dos fundadores do Vale Verde, moro aqui h\u00e1 muitos anos e posso dizer que toda a popula\u00e7\u00e3o est\u00e1 contente com essas obras\u201d, disse Fernandes, que tamb\u00e9m elogiou a melhoria da ilumina\u00e7\u00e3o p\u00fablica. \u201cFicou \u00f3timo o trabalho. A noite a gente tem mais seguran\u00e7a pra passar por aqui\u201d, afirmou.<br \/>\nO secret\u00e1rio Municipal de Obras, Herivelto Moreno, lembra que o micropavimento \u00e9 indicado para vias que ainda apresentam uma base boa. Entre suas vantagens em rela\u00e7\u00e3o \u00e0 lama asf\u00e1ltica est\u00e1 o tempo de secagem. \u201cEnquanto a lama demora at\u00e9 48 horas, o micropavimento tem tempo m\u00e9dio de cura de apenas uma hora e trinta minutos\u201d, esclarece Moreno. As ruas que recebem o micropavimento ganham entre quatro e seis anos de vida \u00fatil. A respons\u00e1vel pelos servi\u00e7os \u00e9 a empreiteira Asfaltopav Servi\u00e7os de Pavimenta\u00e7\u00e3o Ltda., vencedora da licita\u00e7\u00e3o.<\/p>\n","protected":false},"excerpt":{"rendered":"<p>Os trabalhos devem ser conclu\u00eddos no in\u00edcio desta semana e atendem a cerca de 900 metros lineares (Foto: Edson Denobi)<\/p>\n","protected":false},"author":4,"featured_media":21869,"comment_status":"closed","ping_status":"open","sticky":false,"template":"","format":"standard","meta":{"footnotes":""},"categories":[24],"tags":[],"class_list":["post-21865","post","type-post","status-publish","format-standard","has-post-thumbnail","hentry","category-noticias"],"acf":[],"_links":{"self":[{"href":"http:\/\/www.apucarana.pr.gov.br\/site\/wp-json\/wp\/v2\/posts\/21865","targetHints":{"allow":["GET"]}}],"collection":[{"href":"http:\/\/www.apucarana.pr.gov.br\/site\/wp-json\/wp\/v2\/posts"}],"about":[{"href":"http:\/\/www.apucarana.pr.gov.br\/site\/wp-json\/wp\/v2\/types\/post"}],"author":[{"embeddable":true,"href":"http:\/\/www.apucarana.pr.gov.br\/site\/wp-json\/wp\/v2\/users\/4"}],"replies":[{"embeddable":true,"href":"http:\/\/www.apucarana.pr.gov.br\/site\/wp-json\/wp\/v2\/comments?post=21865"}],"version-history":[{"count":1,"href":"http:\/\/www.apucarana.pr.gov.br\/site\/wp-json\/wp\/v2\/posts\/21865\/revisions"}],"predecessor-version":[{"id":100688,"href":"http:\/\/www.apucarana.pr.gov.br\/site\/wp-json\/wp\/v2\/posts\/21865\/revisions\/100688"}],"wp:featuredmedia":[{"embeddable":true,"href":"http:\/\/www.apucarana.pr.gov.br\/site\/wp-json\/"}],"wp:attachment":[{"href":"http:\/\/www.apucarana.pr.gov.br\/site\/wp-json\/wp\/v2\/media?parent=21865"}],"wp:term":[{"taxonomy":"category","embeddable":true,"href":"http:\/\/www.apucarana.pr.gov.br\/site\/wp-json\/wp\/v2\/categories?post=21865"},{"taxonomy":"post_tag","embeddable":true,"href":"http:\/\/www.apucarana.pr.gov.br\/site\/wp-json\/wp\/v2\/tags?post=21865"}],"curies":[{"name":"wp","href":"https:\/\/api.w.org\/{rel}","templated":true}]}}