{"id":21855,"date":"2019-02-22T17:31:30","date_gmt":"2019-02-22T20:31:30","guid":{"rendered":"http:\/\/172.16.0.7\/site-antigo\/?p=21855"},"modified":"2024-10-08T09:18:27","modified_gmt":"2024-10-08T12:18:27","slug":"rua-byngton-recebe-reperfilamento-asfaltico","status":"publish","type":"post","link":"http:\/\/www.apucarana.pr.gov.br\/site\/rua-byngton-recebe-reperfilamento-asfaltico\/","title":{"rendered":"Rua Byngton recebe reperfilamento asf\u00e1ltico"},"content":{"rendered":"<p>O pavimento da Rua Byngton, localizada no Jardim Trabalhista, recebeu nesta semana uma capa de reperfilamento asf\u00e1ltico. Viabilizada pela Prefeitura de Apucarana, a melhoria atendeu a um trecho de 600 metros lineares, ou 4,2 mil metros quadrados, em um investimento na ordem de R$100 mil.<br \/>\nA conclus\u00e3o da frente de trabalho foi acompanhada nesta sexta-feira (22\/02) pelo prefeito J\u00fanior da Femac, em companhia do secret\u00e1rio de Obras Herivelto Moreno e do vereador Jos\u00e9 Airton \u201cDeco\u201d de Ara\u00fajo. \u201cA gest\u00e3o Beto Preto est\u00e1 sempre levando benfeitorias para os bairros. Esta via \u00e9 extremamente importante, pois serve de liga\u00e7\u00e3o para in\u00fameros bairros: jardins Trabalhista, Tancredo Neves, Jo\u00e3o Goulart, Marissol, Paran\u00e1, Para\u00edso, Loteamento da Raposa, Vila Nova, entre outros. Tamb\u00e9m \u00e9 trajeto do transporte coletivo de passageiros\u201d, detalhou J\u00fanior da Femac.<br \/>\nA t\u00e9cnica de reperfilamento envolve a limpeza, pintura de liga\u00e7\u00e3o e aplica\u00e7\u00e3o de dois cent\u00edmetros compactados de Concreto Betuminoso Usinado a Quente (CBUQ). \u201cAl\u00e9m da Rua Byngton, nesta regi\u00e3o estamos executando este servi\u00e7o na Rua Prudente de Moraes\u201d, pontua o prefeito. A modalidade de recupera\u00e7\u00e3o proporciona rejuvenescimento do asfalto, prolongando em cerca de 5 anos a vida \u00fatil do pavimento.<br \/>\nO vereador Deco falou sobre o investimento e aprovou a melhoria. \u201cAl\u00e9m de moradias, a Rua Byngton tem muitos com\u00e9rcios. O fluxo de ve\u00edculos \u00e9 muito grande, pois como bem observou o prefeito J\u00fanior, \u00e9 uma via de liga\u00e7\u00e3o entre bairros. A popula\u00e7\u00e3o e os comerciantes est\u00e3o muito contentes com essa obra, que \u00e9 mais um compromisso honrado com nossa regi\u00e3o por parte da administra\u00e7\u00e3o municipal atrav\u00e9s do Beto Preto e agora do J\u00fanior da Femac, que vem dando sequ\u00eancia aos projetos da gest\u00e3o\u201d, assinalou Deco.<br \/>\nCom a revitaliza\u00e7\u00e3o do pavimento das ruas Byngton, Prudente de Morais e Silva Jardim, a Prefeitura de Apucarana encerra um contrato de R$3,2 milh\u00f5es com a Tapalam Constru\u00e7\u00f5es e Empreendimentos Ltda., de Apucarana. \u201cNo total, foram executados 200 mil metros quadrados em reperfilamento asf\u00e1ltico, recuperando 30 quil\u00f4metros de ruas em diversos pontos de Apucarana\u201d, relata Herivelto Moreno, secret\u00e1rio Municipal de Obras. Segundo ele, o prefeito J\u00fanior da Femac j\u00e1 autorizou uma nova licita\u00e7\u00e3o. \u201cDesta vez vamos contratar um pacote ainda maior. A proje\u00e7\u00e3o \u00e9 de que sejam investidos cerca de R$4 milh\u00f5es na contrata\u00e7\u00e3o de pelo menos outros 240 mil metros quadrados de reperfilamento asf\u00e1ltico\u201d, informa o secret\u00e1rio.<\/p>\n","protected":false},"excerpt":{"rendered":"<p>Via \u00e9 uma das beneficiadas por um pacote de R$3,2 milh\u00f5es contratado pela prefeitura e que no \u00faltimo ano recuperou 30 quil\u00f4metros de ruas em diversos bairros de Apucarana (Foto: Edson Denobi)<\/p>\n","protected":false},"author":4,"featured_media":21857,"comment_status":"closed","ping_status":"open","sticky":false,"template":"","format":"standard","meta":{"footnotes":""},"categories":[24],"tags":[],"class_list":["post-21855","post","type-post","status-publish","format-standard","has-post-thumbnail","hentry","category-noticias"],"acf":[],"_links":{"self":[{"href":"http:\/\/www.apucarana.pr.gov.br\/site\/wp-json\/wp\/v2\/posts\/21855","targetHints":{"allow":["GET"]}}],"collection":[{"href":"http:\/\/www.apucarana.pr.gov.br\/site\/wp-json\/wp\/v2\/posts"}],"about":[{"href":"http:\/\/www.apucarana.pr.gov.br\/site\/wp-json\/wp\/v2\/types\/post"}],"author":[{"embeddable":true,"href":"http:\/\/www.apucarana.pr.gov.br\/site\/wp-json\/wp\/v2\/users\/4"}],"replies":[{"embeddable":true,"href":"http:\/\/www.apucarana.pr.gov.br\/site\/wp-json\/wp\/v2\/comments?post=21855"}],"version-history":[{"count":1,"href":"http:\/\/www.apucarana.pr.gov.br\/site\/wp-json\/wp\/v2\/posts\/21855\/revisions"}],"predecessor-version":[{"id":100690,"href":"http:\/\/www.apucarana.pr.gov.br\/site\/wp-json\/wp\/v2\/posts\/21855\/revisions\/100690"}],"wp:featuredmedia":[{"embeddable":true,"href":"http:\/\/www.apucarana.pr.gov.br\/site\/wp-json\/"}],"wp:attachment":[{"href":"http:\/\/www.apucarana.pr.gov.br\/site\/wp-json\/wp\/v2\/media?parent=21855"}],"wp:term":[{"taxonomy":"category","embeddable":true,"href":"http:\/\/www.apucarana.pr.gov.br\/site\/wp-json\/wp\/v2\/categories?post=21855"},{"taxonomy":"post_tag","embeddable":true,"href":"http:\/\/www.apucarana.pr.gov.br\/site\/wp-json\/wp\/v2\/tags?post=21855"}],"curies":[{"name":"wp","href":"https:\/\/api.w.org\/{rel}","templated":true}]}}