{"id":21847,"date":"2019-02-22T17:27:33","date_gmt":"2019-02-22T20:27:33","guid":{"rendered":"http:\/\/172.16.0.7\/site-antigo\/?p=21847"},"modified":"2024-10-08T09:18:27","modified_gmt":"2024-10-08T12:18:27","slug":"apucarana-forma-novas-empreendedoras-solidarias","status":"publish","type":"post","link":"http:\/\/www.apucarana.pr.gov.br\/site\/apucarana-forma-novas-empreendedoras-solidarias\/","title":{"rendered":"Apucarana forma novas empreendedoras solid\u00e1rias"},"content":{"rendered":"<p>O Programa de Economia Solid\u00e1ria e Protagonismo Feminino, da Secretaria da Mulher e Assuntos da Fam\u00edlia de Apucarana, encerrou nesta sexta-feira (22\/02) a capacita\u00e7\u00e3o da 31\u00aa turma, composta por 24 pessoas. Desde abril de 2014, quando teve in\u00edcio a primeira forma\u00e7\u00e3o, a iniciativa \u2013 que \u00e9 uma pol\u00edtica p\u00fablica municipal com o vi\u00e9s de promover a gera\u00e7\u00e3o de renda e autonomia financeira da mulher &#8211; j\u00e1 capacitou 810 empreendedoras solid\u00e1rias. A conclus\u00e3o dos trabalhos da 31\u00aa turma foi marcada por uma solenidade de entrega de certificados nas depend\u00eancias do Centro de Oficinas da Mulher e Assuntos da Fam\u00edlia.<br \/>\nO momento foi conduzido pela diretora-geral do Departamento da Mulher e Assuntos da Fam\u00edlia e coordenadora do programa, Terezinha Elizabete Berton Pereira (Bete Berton), que no ato representou a secret\u00e1ria Municipal Denise Canesin Mois\u00e9s Machado, que est\u00e1 em f\u00e9rias. \u201cEsta forma\u00e7\u00e3o inicial tem carga hor\u00e1ria de 20 horas\/aula e sempre tem participa\u00e7\u00e3o de um grande n\u00famero de interessadas, oriundas de todos os quadrantes da cidade: do centro, bairros e at\u00e9 dos distritos\u201d, pontua Bete. De acordo com ela, a capacita\u00e7\u00e3o serve para ambientar as mulheres e apresentar os conceitos da economia solid\u00e1ria. \u201cA partir desta forma\u00e7\u00e3o, a prefeitura segue dando todo o suporte para que a empreendedora solid\u00e1ria tenha crescimento, disponibilizando assessoria e cursos de motiva\u00e7\u00e3o pessoal, marketing, empreendimento social, forma\u00e7\u00e3o de pre\u00e7o (precifica\u00e7\u00e3o), administra\u00e7\u00e3o do empreendimento solid\u00e1rio, entre outros\u201d, detalha a coordenadora.<br \/>\nPara o desenvolvimento das a\u00e7\u00f5es, a Secretaria Municipal da Mulher e Assuntos da Fam\u00edlia conta com parceria dos campis Apucarana da Universidade Tecnol\u00f3gica Federal do Paran\u00e1 (UTFPR) e Universidade Estadual do Paran\u00e1 (Unespar\/Fecea), bem como da Sala do Empreendedor, que s\u00e3o tidas como entidades de apoio e fomento. \u201cO campus de Londrina da UTFPR tamb\u00e9m est\u00e1 presente no empreendimento solid\u00e1rio \u201cSabor Funcional\u201d, que trabalha com produtos gastron\u00f4micos oriundos da biomassa da banana\u201d, relata Bete.<br \/>\nA partir de mar\u00e7o, as capacita\u00e7\u00f5es da Economia Solid\u00e1ria ser\u00e3o expandidas com turmas nos distritos e \u00e1rea rurais. \u201cEm parceria com a Emater, vamos percorrer os distritos e propriedades rurais convidando as mulheres para participar\u201d, anuncia a coordenadora do programa municipal.<br \/>\nPerto de completar cinco anos, o Programa da Economia Solid\u00e1ria e Protagonismo Feminino de Apucarana est\u00e1 sendo apontado como modelo a ser seguido por outros munic\u00edpios do Paran\u00e1. \u201cA iniciativa interessou \u00e0 Secretaria de Estado da Justi\u00e7a, Fam\u00edlia e Trabalho, tanto \u00e9 que recentemente o prefeito em exerc\u00edcio, J\u00fanior da Femac e a secret\u00e1ria Denise Canesin Machado fizeram uma apresenta\u00e7\u00e3o do programa em Curitiba, e o secret\u00e1rio Ney Leprevost em breve deve enviar uma equipe t\u00e9cnica para conhecer \u201cin loco\u201d o programa apucaranense\u201d, ressalta Bete Berton.<br \/>\nDe acordo com ela, Guarapuava e Cambira j\u00e1 implantaram a economia solid\u00e1ria tendo como inspira\u00e7\u00e3o Apucarana.<br \/>\nAl\u00e9m do Espa\u00e7o Mulher (loja para venda dos produtos) e de um \u201cponto gourmet\u201d, a rede de economia solid\u00e1ria de Apucarana possui ainda cinco pontos de venda no Terminal Urbano e o Espa\u00e7o Mulher do Distrito do Pirap\u00f3. Os empreendimentos solid\u00e1rios envolvem a produ\u00e7\u00e3o de p\u00e3es, roscas e bolachas, artesanato, produtos de higiene e limpeza, bombons, bonecas, confec\u00e7\u00e3o, tric\u00f4 e croch\u00ea, bolsas, chinelos, orqu\u00eddeas, entre outros. Entre os destaques est\u00e3o a produ\u00e7\u00e3o de pe\u00e7as com fibra de bananeira e o empreendimento de gastronomia.<br \/>\nServi\u00e7o: Interessadas em fazer parte da rede municipal de economia solid\u00e1ria devem procurar o Espa\u00e7o Mulher da Rua Osvaldo Cruz, 432 (ao lado da Casa da Gestante). Mais detalhes podem ser obtidos tamb\u00e9m pelo telefone 3122-0457 ou ainda atrav\u00e9s da rede social no endere\u00e7o https:\/\/www.facebook.com\/rededemulheresecosol.<\/p>\n","protected":false},"excerpt":{"rendered":"<p>Desde abril de 2014, a iniciativa \u2013 que \u00e9 uma pol\u00edtica p\u00fablica municipal com o vi\u00e9s de promover a gera\u00e7\u00e3o de renda e autonomia financeira da mulher &#8211; j\u00e1 capacitou 810 empreendedoras solid\u00e1rias (Foto: Edson Denobi)<\/p>\n","protected":false},"author":4,"featured_media":21848,"comment_status":"closed","ping_status":"open","sticky":false,"template":"","format":"standard","meta":{"footnotes":""},"categories":[24],"tags":[],"class_list":["post-21847","post","type-post","status-publish","format-standard","has-post-thumbnail","hentry","category-noticias"],"acf":[],"_links":{"self":[{"href":"http:\/\/www.apucarana.pr.gov.br\/site\/wp-json\/wp\/v2\/posts\/21847","targetHints":{"allow":["GET"]}}],"collection":[{"href":"http:\/\/www.apucarana.pr.gov.br\/site\/wp-json\/wp\/v2\/posts"}],"about":[{"href":"http:\/\/www.apucarana.pr.gov.br\/site\/wp-json\/wp\/v2\/types\/post"}],"author":[{"embeddable":true,"href":"http:\/\/www.apucarana.pr.gov.br\/site\/wp-json\/wp\/v2\/users\/4"}],"replies":[{"embeddable":true,"href":"http:\/\/www.apucarana.pr.gov.br\/site\/wp-json\/wp\/v2\/comments?post=21847"}],"version-history":[{"count":1,"href":"http:\/\/www.apucarana.pr.gov.br\/site\/wp-json\/wp\/v2\/posts\/21847\/revisions"}],"predecessor-version":[{"id":100691,"href":"http:\/\/www.apucarana.pr.gov.br\/site\/wp-json\/wp\/v2\/posts\/21847\/revisions\/100691"}],"wp:featuredmedia":[{"embeddable":true,"href":"http:\/\/www.apucarana.pr.gov.br\/site\/wp-json\/"}],"wp:attachment":[{"href":"http:\/\/www.apucarana.pr.gov.br\/site\/wp-json\/wp\/v2\/media?parent=21847"}],"wp:term":[{"taxonomy":"category","embeddable":true,"href":"http:\/\/www.apucarana.pr.gov.br\/site\/wp-json\/wp\/v2\/categories?post=21847"},{"taxonomy":"post_tag","embeddable":true,"href":"http:\/\/www.apucarana.pr.gov.br\/site\/wp-json\/wp\/v2\/tags?post=21847"}],"curies":[{"name":"wp","href":"https:\/\/api.w.org\/{rel}","templated":true}]}}