{"id":21841,"date":"2019-02-22T16:33:09","date_gmt":"2019-02-22T19:33:09","guid":{"rendered":"http:\/\/172.16.0.7\/site-antigo\/?p=21841"},"modified":"2024-10-08T09:18:27","modified_gmt":"2024-10-08T12:18:27","slug":"apucarana-escolhe-amanha-miss-terceira-idade-2019","status":"publish","type":"post","link":"http:\/\/www.apucarana.pr.gov.br\/site\/apucarana-escolhe-amanha-miss-terceira-idade-2019\/","title":{"rendered":"Apucarana escolhe amanh\u00e3 Miss Terceira Idade 2019"},"content":{"rendered":"<p>Com idade entre 60 a 81 anos, quatorze candidatas desfilam amanh\u00e3 (23) no palco do Cine Teatro F\u00eanix na 6\u00aa edi\u00e7\u00e3o do Miss Terceira Idade. A noite deste s\u00e1bado encerra uma extensa programa\u00e7\u00e3o de lazer, ensaios e filmagens que envolveram as participantes nos \u00faltimos dias.<br \/>\nNa \u00faltima segunda-feira, por exemplo, elas participaram de um almo\u00e7o de confraterniza\u00e7\u00e3o com a presen\u00e7a do prefeito Junior da Femac. O Miss Terceira Idade come\u00e7a \u00e0s 20 horas e os ingressos podem ser retirados na bilheteria do Cine Teatro F\u00eanix, no s\u00e1bado.<br \/>\nO prefeito Junior da Femac convida a popula\u00e7\u00e3o a prestigiar esse evento que \u201ch\u00e1 6 anos vem proporcionado momentos especiais na vida dessas mulheres.\u201d<br \/>\nTodas as candidatas, com idade entre 60 e 81 anos, fazem parte dos grupos Conviver da cidade, que hoje chegam a um total de 40. Uma parceria entre as secretarias da Promo\u00e7\u00e3o Art\u00edstica, Cultural e Tur\u00edstica de Apucarana (Promatur) e da Assist\u00eancia Social, o concurso neste ano ter\u00e1 a participa\u00e7\u00e3o da Banda Municipal.<br \/>\n<strong>Conhe\u00e7a as 14 candidatas que concorrem no MissTerceira Idade 2019<\/strong><\/p>\n<ul>\n<li><strong>C\u00e9lia Correia \u2013 72 anos<\/strong><\/li>\n<li><strong>Clarisse Mendon\u00e7a \u2013 81 anos<\/strong><\/li>\n<li><strong>Concei\u00e7\u00e3o Aparecida Ruthen, 69 anos<\/strong><\/li>\n<li><strong>Dalva Andr\u00e9, 62 anos<\/strong><\/li>\n<li><strong>Dalva Reis, 65 anos<\/strong><\/li>\n<li><strong>Elma do Prado, 67 anos<\/strong><\/li>\n<li><strong>Irondina Jesus Schok, 63 anos<\/strong><\/li>\n<li><strong>Judith Piasse, 60 anos<\/strong><\/li>\n<li><strong>Maria Aparecida Amador, 63 anos<\/strong><\/li>\n<li><strong>Maria Aparecida da Silva, 77 anos<\/strong><\/li>\n<li><strong>Maria Cec\u00edlia Gervazia Santana, 73 anos<\/strong><\/li>\n<li><strong>Maria Leonice da Silva Pedro, 60 anos<\/strong><\/li>\n<li><strong>Nelci Castorina da Silva, 61 anos<\/strong><\/li>\n<li><strong>Vicentina Antonia de Almeida, 70 anos<\/strong><\/li>\n<\/ul>\n","protected":false},"excerpt":{"rendered":"<p>Concurso re\u00fane 14 candidatas, neste s\u00e1bado a partir das 20 horas, no Cine Teatro F\u00eanix (Foto &#8211; Profeta)<\/p>\n","protected":false},"author":4,"featured_media":21844,"comment_status":"closed","ping_status":"open","sticky":false,"template":"","format":"standard","meta":{"footnotes":""},"categories":[24],"tags":[],"class_list":["post-21841","post","type-post","status-publish","format-standard","has-post-thumbnail","hentry","category-noticias"],"acf":[],"_links":{"self":[{"href":"http:\/\/www.apucarana.pr.gov.br\/site\/wp-json\/wp\/v2\/posts\/21841","targetHints":{"allow":["GET"]}}],"collection":[{"href":"http:\/\/www.apucarana.pr.gov.br\/site\/wp-json\/wp\/v2\/posts"}],"about":[{"href":"http:\/\/www.apucarana.pr.gov.br\/site\/wp-json\/wp\/v2\/types\/post"}],"author":[{"embeddable":true,"href":"http:\/\/www.apucarana.pr.gov.br\/site\/wp-json\/wp\/v2\/users\/4"}],"replies":[{"embeddable":true,"href":"http:\/\/www.apucarana.pr.gov.br\/site\/wp-json\/wp\/v2\/comments?post=21841"}],"version-history":[{"count":1,"href":"http:\/\/www.apucarana.pr.gov.br\/site\/wp-json\/wp\/v2\/posts\/21841\/revisions"}],"predecessor-version":[{"id":100692,"href":"http:\/\/www.apucarana.pr.gov.br\/site\/wp-json\/wp\/v2\/posts\/21841\/revisions\/100692"}],"wp:featuredmedia":[{"embeddable":true,"href":"http:\/\/www.apucarana.pr.gov.br\/site\/wp-json\/"}],"wp:attachment":[{"href":"http:\/\/www.apucarana.pr.gov.br\/site\/wp-json\/wp\/v2\/media?parent=21841"}],"wp:term":[{"taxonomy":"category","embeddable":true,"href":"http:\/\/www.apucarana.pr.gov.br\/site\/wp-json\/wp\/v2\/categories?post=21841"},{"taxonomy":"post_tag","embeddable":true,"href":"http:\/\/www.apucarana.pr.gov.br\/site\/wp-json\/wp\/v2\/tags?post=21841"}],"curies":[{"name":"wp","href":"https:\/\/api.w.org\/{rel}","templated":true}]}}