{"id":21837,"date":"2019-02-22T16:25:48","date_gmt":"2019-02-22T19:25:48","guid":{"rendered":"http:\/\/172.16.0.7\/site-antigo\/?p=21837"},"modified":"2024-10-08T09:18:27","modified_gmt":"2024-10-08T12:18:27","slug":"pre-conferencias-para-discutir-acoes-na-saude-comecam-amanha","status":"publish","type":"post","link":"http:\/\/www.apucarana.pr.gov.br\/site\/pre-conferencias-para-discutir-acoes-na-saude-comecam-amanha\/","title":{"rendered":"Pr\u00e9-confer\u00eancias para discutir a\u00e7\u00f5es na sa\u00fade come\u00e7am amanh\u00e3"},"content":{"rendered":"<p>A Autarquia Municipal de Sa\u00fade (AMS) realiza amanh\u00e3 (23), a partir das 13 horas, no Col\u00e9gio Nilo Cairo, a primeira de duas pr\u00e9-confer\u00eancias municipal de sa\u00fade. O evento deste s\u00e1bado \u00e9 destinado a usu\u00e1rios da sa\u00fade.<br \/>\nA segunda pr\u00e9-confer\u00eancia, que acontece na segunda-feira (25), \u00e0s 18 horas, no Polo da Universidade Aberta do Brasil (UAB), vai reunir um p\u00fablico formado por prestadores e trabalhadores da sa\u00fade. A AMS intensificou nos \u00faltimos dias a mobiliza\u00e7\u00e3o para a participa\u00e7\u00e3o nestes dois eventos que visa propor, discutir e definir a\u00e7\u00f5es futuras que possam melhorar o atendimento da sa\u00fade p\u00fablica no munic\u00edpio.<br \/>\nO prefeito em exerc\u00edcio, Junior da Femac, participou pessoalmente de dois encontros com conselhos locais de sa\u00fade na semana passada, fortalecendo a mobiliza\u00e7\u00e3o da AMS para atrair a maior representatividade poss\u00edvel nas pr\u00e9-confer\u00eancias. \u201c\u00c9 muito importante ouvir o que a popula\u00e7\u00e3o tem a dizer para que possamos fazer as mudan\u00e7as que atendem a necessidade dos apucaranenses tamb\u00e9m nesta \u00e1rea. Ser\u00e1 uma consulta popular e o que for decidido vamos realizar. Onde h\u00e1 participa\u00e7\u00e3o maior, a conquista \u00e9 mais r\u00e1pida\u201d, conclama Junior da Femac.<br \/>\nO prefeito em exerc\u00edcio enfatiza que a confer\u00eancias municipais vai de encontro ao mandado participativo implementado por Beto Preto. \u201cEssa gest\u00e3o al\u00e9m de gostar de ouvir, cumpre, coloca em pr\u00e1tica o que \u00e9 decidido nas confer\u00eancias. Podemos comprovar isso com resultados das confer\u00eancias da \u201ceduca\u00e7\u00e3o\u201d e das \u201ccidades\u201d. Hoje, a nossa educa\u00e7\u00e3o atingiu n\u00edvel de ensino de destaque no Paran\u00e1 e no Pa\u00eds e os avan\u00e7os na infraestrutura \u00e9 um divisor de \u00e1guas\u201d, afirma Junior, citando como exemplos a abrang\u00eancia das obras de pavimenta\u00e7\u00e3o asf\u00e1ltica, amplia\u00e7\u00e3o da rede de esgoto e a mudan\u00e7a no plano diretor que permitiu a cidade vivenciar uma nova realidade nos empreendimentos verticais. \u201cS\u00e3o nada menos que 20 pr\u00e9dios em constru\u00e7\u00e3o na cidade no momento\u201d, destaca.<br \/>\nO presidente do Conselho Municipal de Sa\u00fade, Marcelo Viana de Castro, reitera que a pr\u00e9-confer\u00eancia \u00e9 o momento de apresentar id\u00e9ias que ir\u00e3o subsidiar a gest\u00e3o municipal com novas propostas para inclus\u00e3o no planejamento da sa\u00fade.<br \/>\nNa pr\u00e9-confer\u00eancia tamb\u00e9m s\u00e3o eleitos os delegados para 11\u00aa Confer\u00eancia Municipal de Sa\u00fade que ir\u00e1 acontecer nos dias 5 e 6 de abril, na Unespar\/FECE.\u00a0 \u201cLegitimados pelo seguimento que representam s\u00e3o os delegados que ir\u00e3o aprovar ou n\u00e3o \u00a0as propostas tiradas nas duas pr\u00e9-confer\u00eancias\u201d, complementa Viana.<br \/>\n&nbsp;<br \/>\n&nbsp;<br \/>\n<strong>\u00a0<\/strong><\/p>\n","protected":false},"excerpt":{"rendered":"<p>Reivindica\u00e7\u00f5es, prioridades e sugest\u00f5es; tudo estar\u00e1 em pauta na discuss\u00e3o sobre a sa\u00fade p\u00fablica (Foto &#8211; Profeta)<\/p>\n","protected":false},"author":4,"featured_media":21838,"comment_status":"closed","ping_status":"open","sticky":false,"template":"","format":"standard","meta":{"footnotes":""},"categories":[24],"tags":[],"class_list":["post-21837","post","type-post","status-publish","format-standard","has-post-thumbnail","hentry","category-noticias"],"acf":[],"_links":{"self":[{"href":"http:\/\/www.apucarana.pr.gov.br\/site\/wp-json\/wp\/v2\/posts\/21837","targetHints":{"allow":["GET"]}}],"collection":[{"href":"http:\/\/www.apucarana.pr.gov.br\/site\/wp-json\/wp\/v2\/posts"}],"about":[{"href":"http:\/\/www.apucarana.pr.gov.br\/site\/wp-json\/wp\/v2\/types\/post"}],"author":[{"embeddable":true,"href":"http:\/\/www.apucarana.pr.gov.br\/site\/wp-json\/wp\/v2\/users\/4"}],"replies":[{"embeddable":true,"href":"http:\/\/www.apucarana.pr.gov.br\/site\/wp-json\/wp\/v2\/comments?post=21837"}],"version-history":[{"count":1,"href":"http:\/\/www.apucarana.pr.gov.br\/site\/wp-json\/wp\/v2\/posts\/21837\/revisions"}],"predecessor-version":[{"id":100694,"href":"http:\/\/www.apucarana.pr.gov.br\/site\/wp-json\/wp\/v2\/posts\/21837\/revisions\/100694"}],"wp:featuredmedia":[{"embeddable":true,"href":"http:\/\/www.apucarana.pr.gov.br\/site\/wp-json\/"}],"wp:attachment":[{"href":"http:\/\/www.apucarana.pr.gov.br\/site\/wp-json\/wp\/v2\/media?parent=21837"}],"wp:term":[{"taxonomy":"category","embeddable":true,"href":"http:\/\/www.apucarana.pr.gov.br\/site\/wp-json\/wp\/v2\/categories?post=21837"},{"taxonomy":"post_tag","embeddable":true,"href":"http:\/\/www.apucarana.pr.gov.br\/site\/wp-json\/wp\/v2\/tags?post=21837"}],"curies":[{"name":"wp","href":"https:\/\/api.w.org\/{rel}","templated":true}]}}