{"id":21819,"date":"2019-02-22T16:12:39","date_gmt":"2019-02-22T19:12:39","guid":{"rendered":"http:\/\/172.16.0.7\/site-antigo\/?p=21819"},"modified":"2024-10-08T09:18:27","modified_gmt":"2024-10-08T12:18:27","slug":"hospital-da-providencia-realiza-4a-formatura-da-residencia-medica","status":"publish","type":"post","link":"http:\/\/www.apucarana.pr.gov.br\/site\/hospital-da-providencia-realiza-4a-formatura-da-residencia-medica\/","title":{"rendered":"Hospital da Provid\u00eancia realiza 4\u00aa formatura da Resid\u00eancia M\u00e9dica"},"content":{"rendered":"<p>O Hospital da Provid\u00eancia e o Hospital da Provid\u00eancia Materno Infantil realizaram ontem (21) a 4\u00aa Formatura da Resid\u00eancia M\u00e9dica. Os 7 formandos, que receberam seus certificados em sess\u00e3o solene de cola\u00e7\u00e3o de grau realizada na Capela Nossa Senhora da Esperan\u00e7a, se somam a outros 14 especialistas que j\u00e1 passaram pelo programa de resid\u00eancia ofertado pela institui\u00e7\u00e3o desde 2014.<br \/>\nOs formandos de 2019 integram a quarta turma de cl\u00ednica m\u00e9dica<strong>,\u00a0<\/strong>terceira turma de pediatria e a segunda de cirurgia geral. De acordo com a diretora geral do Provid\u00eancia, irm\u00e3 Geovana Aparecida Ramos, o hospital e a comunidade ganharam\u00a0 muito com a resid\u00eancia m\u00e9dica nestes 5 anos. \u201cFormamos m\u00e9dicos muito bons\u00a0e\u00a0alguns\u00a0hoje s\u00e3o nossos m\u00e9dicos plantonistas. Buscamos\u00a0constantemente\u00a0melhorias\u00a0para prestar a melhor assist\u00eancia aos nossos pacientes\u00a0e com o Programa de Residencia M\u00e9dica temos a renova\u00e7\u00e3o do conhecimento de todo nosso corpo cl\u00ednico, pois todos continuam estudando\u00a0para ensinar aos residentes\u201d, destaca irm\u00e3 Geovana.<br \/>\nA diretora da Provid\u00eancia reitera seu agradecimento ao corpo cl\u00ednico do hospital pelo apoio no projeto de resid\u00eancia m\u00e9dica e ao prefeito Beto Preto, \u201ccujo empenho foi muito importante para concretizar essa conquista, que vem se consolidando a cada ano.\u201d<br \/>\nDe acordo com o m\u00e9dico coordenador da Comiss\u00e3o de Resid\u00eancia M\u00e9dica (COREME), Leonardo Marchi, o programa tem atingido o resultado esperado. \u201cSentimos uma felicidade extrema de poder contribuir para formarmos m\u00e9dicos melhores a cada ano. Desejamos todo sucesso profissional a eles\u201d, afirma.<br \/>\nO prefeito Junior da Femac parabeniza os formandos e todos que deram sua parcela de contribui\u00e7\u00e3o para tornar a resid\u00eancia m\u00e9dica uma realidade de sucesso em Apucarana. \u201cTudo que vem contribuir para melhoria do atendimento da sa\u00fade em nosso munic\u00edpio merece nosso reconhecimento e apoio\u201d, afirma Junior.<br \/>\n&nbsp;<br \/>\nResidentes da 4\u00aa Formatura do Programa de Resid\u00eancia M\u00e9dica do Hospital da Provid\u00eancia e Hospital da Provid\u00eancia Materno Infantil:<br \/>\n&nbsp;<br \/>\n<strong>ESPECIALIDADE DE CL\u00cdNICA M\u00c9DICA:<\/strong><br \/>\n&nbsp;<br \/>\n\u2013 ARTHUR LUIZ FEITOSA LIMA<br \/>\n\u2013 MAYARA TEODORO JACOB OLIVEIRA<br \/>\n&#8211; THA\u00cdS ELISA NEVES REIS<br \/>\n<strong>\u00a0<\/strong><br \/>\n<strong>ESPECIALIDADE DE PEDIATRIA<\/strong>:<br \/>\n&nbsp;<br \/>\n&#8211; GIOVAVA FRAGA ROSA DE MORAIS<br \/>\n&#8211; RODRIGO GARCIA MELO<br \/>\n<strong>\u00a0<\/strong><br \/>\n<strong>ESPECIALIDADE DE CIRURGIA GERAL:<\/strong><br \/>\n&nbsp;<br \/>\n&#8211; ALLAN DAVID DO PRADO<br \/>\n&#8211; VITOR AUGUSTO MEL\u00c3O MARTINHO<br \/>\n&nbsp;<\/p>\n","protected":false},"excerpt":{"rendered":"<p>Os 7 formandos se somam a outros 14 especialistas que j\u00e1 passaram pelo programa de resid\u00eancia ofertado pela institui\u00e7\u00e3o desde 2014 (Fotos &#8211; Profeta)<\/p>\n","protected":false},"author":4,"featured_media":21821,"comment_status":"closed","ping_status":"open","sticky":false,"template":"","format":"standard","meta":{"footnotes":""},"categories":[24],"tags":[],"class_list":["post-21819","post","type-post","status-publish","format-standard","has-post-thumbnail","hentry","category-noticias"],"acf":[],"_links":{"self":[{"href":"http:\/\/www.apucarana.pr.gov.br\/site\/wp-json\/wp\/v2\/posts\/21819","targetHints":{"allow":["GET"]}}],"collection":[{"href":"http:\/\/www.apucarana.pr.gov.br\/site\/wp-json\/wp\/v2\/posts"}],"about":[{"href":"http:\/\/www.apucarana.pr.gov.br\/site\/wp-json\/wp\/v2\/types\/post"}],"author":[{"embeddable":true,"href":"http:\/\/www.apucarana.pr.gov.br\/site\/wp-json\/wp\/v2\/users\/4"}],"replies":[{"embeddable":true,"href":"http:\/\/www.apucarana.pr.gov.br\/site\/wp-json\/wp\/v2\/comments?post=21819"}],"version-history":[{"count":1,"href":"http:\/\/www.apucarana.pr.gov.br\/site\/wp-json\/wp\/v2\/posts\/21819\/revisions"}],"predecessor-version":[{"id":100695,"href":"http:\/\/www.apucarana.pr.gov.br\/site\/wp-json\/wp\/v2\/posts\/21819\/revisions\/100695"}],"wp:featuredmedia":[{"embeddable":true,"href":"http:\/\/www.apucarana.pr.gov.br\/site\/wp-json\/"}],"wp:attachment":[{"href":"http:\/\/www.apucarana.pr.gov.br\/site\/wp-json\/wp\/v2\/media?parent=21819"}],"wp:term":[{"taxonomy":"category","embeddable":true,"href":"http:\/\/www.apucarana.pr.gov.br\/site\/wp-json\/wp\/v2\/categories?post=21819"},{"taxonomy":"post_tag","embeddable":true,"href":"http:\/\/www.apucarana.pr.gov.br\/site\/wp-json\/wp\/v2\/tags?post=21819"}],"curies":[{"name":"wp","href":"https:\/\/api.w.org\/{rel}","templated":true}]}}