{"id":21812,"date":"2019-02-21T17:55:28","date_gmt":"2019-02-21T20:55:28","guid":{"rendered":"http:\/\/172.16.0.7\/site-antigo\/?p=21812"},"modified":"2024-10-08T09:18:27","modified_gmt":"2024-10-08T12:18:27","slug":"trecho-do-antigo-lixao-ao-contorno-norte-sera-asfaltado","status":"publish","type":"post","link":"http:\/\/www.apucarana.pr.gov.br\/site\/trecho-do-antigo-lixao-ao-contorno-norte-sera-asfaltado\/","title":{"rendered":"Trecho do antigo lix\u00e3o ao Contorno Norte ser\u00e1 asfaltado"},"content":{"rendered":"<p>Cerca de 620 metros lineares ainda n\u00e3o pavimentados da Estrada Ant\u00f4nio Jos\u00e9 de Oliveira, em trajeto do antigo lix\u00e3o at\u00e9 a liga\u00e7\u00e3o com o Contorno Norte, ser\u00e3o agora asfaltados pela Prefeitura de Apucarana. A autoriza\u00e7\u00e3o para o in\u00edcio das obras de drenagem de \u00e1gua pluvial e pavimenta\u00e7\u00e3o em concreto betuminoso usinado a quente (CBUQ) foi assinada nesta quinta-feira (21\/02), em solenidade no gabinete municipal, pelo prefeito em exerc\u00edcio J\u00fanior da Femac. Os recursos para a obra, na ordem de R$322.530,00, foram viabilizados pelo deputado Federal Aliel Machado, com intermedia\u00e7\u00e3o do vereador Lucas Leugi.<br \/>\nA execu\u00e7\u00e3o ser\u00e1 de responsabilidade da empreiteira Romo Pavimentadora Ltda, de Apucarana, vencedora do processo licitat\u00f3rio. Os servi\u00e7os devem ter in\u00edcio dentro de 15 dias e durar cerca de dois meses. J\u00fanior da Femac lembrou que a via j\u00e1 \u00e9 pavimentada no trecho que vai do Jardim Figueira e da Col\u00f4nia dos Novos Produtores at\u00e9 o antigo lix\u00e3o da cidade. \u201cAgora, ser\u00e1 conclu\u00edda a liga\u00e7\u00e3o asf\u00e1ltica at\u00e9 o Contorno Norte, no acesso \u00e0 Comunidade Rural do Barreiro. Uma benfeitoria bastante cobrada, que agora vai beneficiar n\u00e3o s\u00f3 os produtores e moradores rurais desta regi\u00e3o, mas tamb\u00e9m as pessoas que buscam o lazer, uma vez que trata-se de uma localidade pr\u00f3spera em empreendimentos como pesque-pagues e ch\u00e1caras\u201d, relatou o prefeito em exerc\u00edcio, lembrando que a Diocese e a prefeitura atuam na revitaliza\u00e7\u00e3o do Parque Eco-religioso da Reden\u00e7\u00e3o, que deve ser reativado em breve e demandar\u00e1 ainda mais tr\u00e2nsito para a estrada.<br \/>\nDurante a execu\u00e7\u00e3o da obra, o trecho estar\u00e1 interditado para o tr\u00e2nsito e a op\u00e7\u00e3o mais vi\u00e1vel para quem precisar acessar propriedades no Barreiro ser\u00e1 atrav\u00e9s do Contorno Norte. \u201cPedimos mais esse tempo de paci\u00eancia para quem precisa utilizar diariamente esta estrada. \u00c9 para uma boa causa\u201d, assinalou o prefeito em exerc\u00edcio, que explicou aos presentes o porqu\u00ea da obra n\u00e3o ter sido feita antes. \u201cHoje retiramos dos cofres da prefeitura R$1,7 milh\u00e3o todos os meses para pagar d\u00edvidas deixadas por ex-prefeitos. Nenhum centavo foi feito pela gest\u00e3o Beto Preto. Esse valor representa seis obras desta que estamos liberando agora na estrada para o Barreiro. Por isso n\u00e3o fizemos essa obra antes. Devido ao endividamento deixado por gestores que passaram pela prefeitura e que n\u00e3o tiveram nenhum compromisso com a cidade. Anunciavam obras s\u00f3 para enrolar a popula\u00e7\u00e3o, sem ter dinheiro em caixa. N\u00e3o \u00e9 assim que funciona na gest\u00e3o Beto Preto. S\u00f3 autorizamos uma obra quando temos assegurado os recursos, como \u00e9 neste caso, o dinheiro j\u00e1 est\u00e1 na conta da prefeitura\u201d, pontuou J\u00fanior da Femac, agradecendo ao vereador Lucas Leugi pela busca da emenda junto ao Deputado Aliel Machado. \u201cTamb\u00e9m agrade\u00e7o aos vereadores da base, aqui representados pelo Lucas Leugi, Marcos da Vila Reis e Gentil Pereira, que referendaram a libera\u00e7\u00e3o da verba para este projeto. Apucarana hoje est\u00e1 unida e quando h\u00e1 uni\u00e3o tudo vai para a frente\u201d, concluiu J\u00fanior.<br \/>\nO vereador Lucas Leugi contou que a ideia de direcionar os recursos para o trecho surgiu em agosto do ano passado. \u201cEm uma reuni\u00e3o com o prefeito Beto Preto e o J\u00fanior informei do compromisso do deputado Aliel em ajudar Apucarana e que os recursos estavam dispon\u00edveis. Foi neste momento que definimos por atender aos usu\u00e1rios desta importante estrada. Al\u00e9m de ser uma reivindica\u00e7\u00e3o muito forte dos moradores do Barreiro e demais usu\u00e1rios, este trecho \u00e9 mais uma entrada da cidade, que agora ficar\u00e1 completamente asfaltada\u201d, assinalou Leugi. Ele salientou que a gest\u00e3o do prefeito Beto Preto e J\u00fanior da Femac levaram muitos avan\u00e7os para a regi\u00e3o, como a pavimenta\u00e7\u00e3o com pedras poli\u00e9dricas dos cinco quil\u00f4metros da estrada rural entre a sede da Comunidade Rural do Barreiro e o Contorno Norte.<br \/>\nA solenidade contou com a presen\u00e7a de grande n\u00famero de usu\u00e1rios da estrada. O presidente da Associa\u00e7\u00e3o de Moradores da Comunidade Rural do Barreiro, Zacarias Baganha, agradeceu mais um investimento da prefeitura na regi\u00e3o. \u201cDiante de mais essa obra a palavra s\u00f3 pode ser de agradecimento. Sempre fomos muito bem atendidos pelo Beto Preto e pelo J\u00fanior da Femac\u201d, disse.<br \/>\nMonsenhor Roberto Carrara, que acompanha de perto das obras de revitaliza\u00e7\u00e3o do Parque Eco-religioso da Reden\u00e7\u00e3o, tamb\u00e9m comemorou o investimento. \u201cEssa obra vai nos ajudar muito. Realmente n\u00e3o \u00e9 f\u00e1cil transitar por este trecho. Em dias secos \u00e9 a poeira, quando chove \u00e9 barro e fica praticamente imposs\u00edvel passar com seguran\u00e7a. Sem contar que a sua execu\u00e7\u00e3o vai atender tamb\u00e9m o turismo religioso. Em breve o parque estar\u00e1 reaberto e muitas pessoas v\u00e3o utilizar essa estrada para ter acesso a ele\u201d, comentou.<br \/>\nSegundo o secret\u00e1rio de Obras, Herivelto Moreno, o projeto prev\u00ea a pavimenta\u00e7\u00e3o asf\u00e1ltica de nove metros de largura, por 620 metros de extens\u00e3o, totalizando 5.394 metros quadrados. \u201cTamb\u00e9m est\u00e3o inclusos no projeto a drenagem de \u00e1guas pluviais e meio-fio em 1.240 metros lineares\u201d, complementa o secret\u00e1rio.<\/p>\n","protected":false},"excerpt":{"rendered":"<p>Os recursos para a obra, na ordem de R$322.530,00, foram viabilizados pelo deputado Federal Aliel Machado, com intermedia\u00e7\u00e3o do vereador Lucas Leugi (Foto: Edson Denobi)<\/p>\n","protected":false},"author":4,"featured_media":21813,"comment_status":"closed","ping_status":"open","sticky":false,"template":"","format":"standard","meta":{"footnotes":""},"categories":[24],"tags":[],"class_list":["post-21812","post","type-post","status-publish","format-standard","has-post-thumbnail","hentry","category-noticias"],"acf":[],"_links":{"self":[{"href":"http:\/\/www.apucarana.pr.gov.br\/site\/wp-json\/wp\/v2\/posts\/21812","targetHints":{"allow":["GET"]}}],"collection":[{"href":"http:\/\/www.apucarana.pr.gov.br\/site\/wp-json\/wp\/v2\/posts"}],"about":[{"href":"http:\/\/www.apucarana.pr.gov.br\/site\/wp-json\/wp\/v2\/types\/post"}],"author":[{"embeddable":true,"href":"http:\/\/www.apucarana.pr.gov.br\/site\/wp-json\/wp\/v2\/users\/4"}],"replies":[{"embeddable":true,"href":"http:\/\/www.apucarana.pr.gov.br\/site\/wp-json\/wp\/v2\/comments?post=21812"}],"version-history":[{"count":1,"href":"http:\/\/www.apucarana.pr.gov.br\/site\/wp-json\/wp\/v2\/posts\/21812\/revisions"}],"predecessor-version":[{"id":100696,"href":"http:\/\/www.apucarana.pr.gov.br\/site\/wp-json\/wp\/v2\/posts\/21812\/revisions\/100696"}],"wp:featuredmedia":[{"embeddable":true,"href":"http:\/\/www.apucarana.pr.gov.br\/site\/wp-json\/"}],"wp:attachment":[{"href":"http:\/\/www.apucarana.pr.gov.br\/site\/wp-json\/wp\/v2\/media?parent=21812"}],"wp:term":[{"taxonomy":"category","embeddable":true,"href":"http:\/\/www.apucarana.pr.gov.br\/site\/wp-json\/wp\/v2\/categories?post=21812"},{"taxonomy":"post_tag","embeddable":true,"href":"http:\/\/www.apucarana.pr.gov.br\/site\/wp-json\/wp\/v2\/tags?post=21812"}],"curies":[{"name":"wp","href":"https:\/\/api.w.org\/{rel}","templated":true}]}}