{"id":21802,"date":"2019-02-21T17:14:54","date_gmt":"2019-02-21T20:14:54","guid":{"rendered":"http:\/\/172.16.0.7\/site-antigo\/?p=21802"},"modified":"2024-10-08T09:18:27","modified_gmt":"2024-10-08T12:18:27","slug":"30o-bimec-comemora-74-anos-da-tomada-do-monte-castelo","status":"publish","type":"post","link":"http:\/\/www.apucarana.pr.gov.br\/site\/30o-bimec-comemora-74-anos-da-tomada-do-monte-castelo\/","title":{"rendered":"30\u00ba BIMec comemora 74 anos da tomada do Monte Castelo"},"content":{"rendered":"<p>Tendo como ponto alto a participa\u00e7\u00e3o de dois ex-combatentes da For\u00e7a Expedicion\u00e1ria Brasileira, o 30\u00ba Batalh\u00e3o de Infantaria Mecanizado (30\u00ba BIMec), de Apucarana realizou hoje (21) a Formatura Comemorativa ao 74\u00ba Anivers\u00e1rio da Tomada do Monte Castelo pelas tropas do Ex\u00e9rcito Brasileiro.<br \/>\n\u201cEsta \u00e9 uma singela homenagem a bravura dos soldados brasileiros na 2\u00aa Guerra Mundial, em especial aqueles que lutaram para tomada do Monte Castelo e hoje aqui representados pelos ex-combatentes da For\u00e7a Expedicion\u00e1ria Brasileira (FEB), Jo\u00e3o Estevam B\u00e9rgamo e Antonio Ferreira Dantas, ambos com 98 anos\u201d, afirmou o comandante do 30\u00ba BIMec, tenente coronel Alexandre Colombo.<br \/>\nH\u00e1 exatos 74 anos, enfatizou o comandante do 30\u00ba BIMec, acontecia a tomada do Monte Castelo, na It\u00e1lia. \u201cUm feito extraordin\u00e1rio com a participa\u00e7\u00e3o decisiva dos pracinhas da FEB. Sem essa conquista seria imposs\u00edvel para as for\u00e7as aliadas prosseguirem no combate que culminou com o fim da 2\u00ba Guerra Mundial, ao derrotar as tropas da Alemanha\u201d, relatou o tenente coronel Colombo.<br \/>\nO prefeito em exerc\u00edcio, Junior da Femac, que prestigiou o evento nas depend\u00eancias do 30\u00ba BIMec enalteceu a homenagem aos ex-pracinhas. \u201cA luta her\u00f3ica por essa conquista militar no Monte Castelo hoje est\u00e1 representada na face Jo\u00e3o Estevam B\u00e9rgamo e Antonio Ferreira Dantas, que merecem todo nosso reconhecimento e agradecimento. Essa vit\u00f3ria conseguiu estancar o avan\u00e7o nazista na Europa e garantir os valores da democracia em todo o mundo\u201d, frisa Junior da Femac.<br \/>\nJunior da Femac destacou tamb\u00e9m a rela\u00e7\u00e3o de parceria rec\u00edproca entre a prefeitura e o 30\u00ba BIMec. \u201cA presen\u00e7a de um batalh\u00e3o do ex\u00e9rcito em nossa cidade \u00e9 um presente do qual a administra\u00e7\u00e3o municipal e a popula\u00e7\u00e3o se orgulha muito\u201d, disse Junior.<br \/>\nAl\u00e9m do protocolo militar, a formatura comemorativa foi marcado com o ato em que os dois ex-pracinha da FEB depositaram uma corb\u00e9lia de flores no Monumento ao Expedicion\u00e1rio, em homenagem aos her\u00f3is da 2\u00aa Guerra Mundial.<br \/>\nO evento tamb\u00e9m foi prestigiado pelo presidente da C\u00e2mara Municipal, Luciano Molina; pelo comandante da Guarda Municipal, Alessandro Pereira Carletti; monsenhor Roberto Carrara;\u00a0 e amigos do batalh\u00e3o.<br \/>\nA Batalha de Monte Castelo foi travada ao final da Segunda Guerra Mundial, entre as tropas aliadas e as for\u00e7as do Ex\u00e9rcito Alem\u00e3o, que tentavam conter o seu avan\u00e7o no Norte da It\u00e1lia. O conflito se arrastou por tr\u00eas meses, de 24 de novembro de 1944 a 21 de fevereiro de 1945, e teve participa\u00e7\u00e3o decisiva da For\u00e7a Expedicion\u00e1ria Brasileira.<br \/>\n&nbsp;<\/p>\n","protected":false},"excerpt":{"rendered":"<p>Celebra\u00e7\u00e3o teve participa\u00e7\u00e3o de dois ex-pracinhas da For\u00e7a Expedicion\u00e1ria Brasileira, Jo\u00e3o Estevam B\u00e9rgamo e Antonio Ferreira Dantas, ambos com 98 anos\u00a0(Fotos &#8211; Edson Denobi)<\/p>\n","protected":false},"author":4,"featured_media":21803,"comment_status":"closed","ping_status":"open","sticky":false,"template":"","format":"standard","meta":{"footnotes":""},"categories":[24],"tags":[],"class_list":["post-21802","post","type-post","status-publish","format-standard","has-post-thumbnail","hentry","category-noticias"],"acf":[],"_links":{"self":[{"href":"http:\/\/www.apucarana.pr.gov.br\/site\/wp-json\/wp\/v2\/posts\/21802","targetHints":{"allow":["GET"]}}],"collection":[{"href":"http:\/\/www.apucarana.pr.gov.br\/site\/wp-json\/wp\/v2\/posts"}],"about":[{"href":"http:\/\/www.apucarana.pr.gov.br\/site\/wp-json\/wp\/v2\/types\/post"}],"author":[{"embeddable":true,"href":"http:\/\/www.apucarana.pr.gov.br\/site\/wp-json\/wp\/v2\/users\/4"}],"replies":[{"embeddable":true,"href":"http:\/\/www.apucarana.pr.gov.br\/site\/wp-json\/wp\/v2\/comments?post=21802"}],"version-history":[{"count":1,"href":"http:\/\/www.apucarana.pr.gov.br\/site\/wp-json\/wp\/v2\/posts\/21802\/revisions"}],"predecessor-version":[{"id":100697,"href":"http:\/\/www.apucarana.pr.gov.br\/site\/wp-json\/wp\/v2\/posts\/21802\/revisions\/100697"}],"wp:featuredmedia":[{"embeddable":true,"href":"http:\/\/www.apucarana.pr.gov.br\/site\/wp-json\/"}],"wp:attachment":[{"href":"http:\/\/www.apucarana.pr.gov.br\/site\/wp-json\/wp\/v2\/media?parent=21802"}],"wp:term":[{"taxonomy":"category","embeddable":true,"href":"http:\/\/www.apucarana.pr.gov.br\/site\/wp-json\/wp\/v2\/categories?post=21802"},{"taxonomy":"post_tag","embeddable":true,"href":"http:\/\/www.apucarana.pr.gov.br\/site\/wp-json\/wp\/v2\/tags?post=21802"}],"curies":[{"name":"wp","href":"https:\/\/api.w.org\/{rel}","templated":true}]}}