{"id":21795,"date":"2019-02-21T14:33:51","date_gmt":"2019-02-21T17:33:51","guid":{"rendered":"http:\/\/172.16.0.7\/site-antigo\/?p=21795"},"modified":"2024-10-08T09:18:27","modified_gmt":"2024-10-08T12:18:27","slug":"convenio-com-sicredi-possibilita-emprestimo-consignado-a-servidores","status":"publish","type":"post","link":"http:\/\/www.apucarana.pr.gov.br\/site\/convenio-com-sicredi-possibilita-emprestimo-consignado-a-servidores\/","title":{"rendered":"Conv\u00eanio com Sicredi possibilita empr\u00e9stimo consignado a servidores"},"content":{"rendered":"<p>A Cooperativa de Cr\u00e9dito e Investimento de Livre Admiss\u00e3o Agroempresarial (Sicredi) e a Prefeitura de Apucarana firmaram conv\u00eanio que possibilita a todos os servidores municipais, ativos e aposentados da administra\u00e7\u00e3o direta e indireta, a contrata\u00e7\u00e3o de empr\u00e9stimo consignado com desconto em folha de pagamento. O contrato foi assinado nesta semana pelo prefeito em exerc\u00edcio J\u00fanior da Femac e a gerente da ag\u00eancia central de Apucarana, Pollyana Karoline Sim\u00f5es Ign\u00e1cio. O cr\u00e9dito pleiteado pelo servidor p\u00fablico municipal ser\u00e1 submetido \u00e0 aprova\u00e7\u00e3o da cooperativa.<br \/>\n\u201cPara ter direito a solicitar o empr\u00e9stimo consignado o funcion\u00e1rio dever\u00e1 ter no m\u00ednimo 90 dias de atividade na fun\u00e7\u00e3o ou cargo p\u00fablico\u201d, explicou Pollyana. Ela frisa que as taxas de contrata\u00e7\u00e3o oferecidas pela cooperativa s\u00e3o bem atrativas. \u201cCom a portabilidade de sal\u00e1rio, os juros v\u00e3o de 1,15% a 1,25% ao m\u00eas. J\u00e1 sem a portabilidade, as taxas s\u00e3o a partir de 1,35% ao m\u00eas\u201d, revela a gerente do Sicredi em Apucarana.<br \/>\nA parcela mensal de amortiza\u00e7\u00e3o n\u00e3o poder\u00e1 exceder 30% da remunera\u00e7\u00e3o do servidor. \u201cOs servidores efetivos ter\u00e3o possibilidade de parcelamento em at\u00e9 120 vezes e, os cargos comissionados, parcelas at\u00e9 o fim do mandato eletivo\u201d, complementa Pollyana.<br \/>\nO prefeito J\u00fanior da Femac salienta que o conv\u00eanio assinado pela administra\u00e7\u00e3o municipal abre mais uma op\u00e7\u00e3o para os servidores que necessitam de cr\u00e9dito extra, uma vez que a administra\u00e7\u00e3o mant\u00e9m conv\u00eanios com outras institui\u00e7\u00f5es financeiras, como Caixa Econ\u00f4mica Federal e Banco do Brasil, na modalidade empr\u00e9stimo consignado. \u201cImprevistos ou necessidades acontecem a todo o momento e \u00e9 importante que haja v\u00e1rias op\u00e7\u00f5es para o servidor, que encontra no empr\u00e9stimo consignado uma forma mais atrativa de conseguir um cr\u00e9dito, em contraponto aos altos juros cobrados pelo mercado em outras linhas, como por exemplo, o cr\u00e9dito pessoal ou cheque especial\u201d, comenta J\u00fanior. Ele salienta que os termos do conv\u00eanio foram constru\u00eddos dentro do que prev\u00ea as legisla\u00e7\u00f5es. \u201cAtendendo \u00e0 medida provis\u00f3ria, decretos e leis\u201d, conclui o prefeito.<br \/>\nPela cooperativa, tamb\u00e9m prestigiaram a assinatura do conv\u00eanio as gerentes de neg\u00f3cios de Pessoa F\u00edsica Thaisa Lopes Pal\u00fa e Tatiana Vieira. Pelos servidores, o acordo foi chancelado pelo presidente do Sindicato dos Servidores P\u00fablicos Municipais de Apucarana e Regi\u00e3o (Sindspa), Andr\u00e9 Joaquina, que esteve presente acompanhado de membros da diretoria e do corpo jur\u00eddico da entidade.<\/p>\n","protected":false},"excerpt":{"rendered":"<p>Os servidores efetivos ter\u00e3o possibilidade de parcelamento em at\u00e9 120 vezes e, os cargos comissionados, parcelas at\u00e9 o fim do mandato eletivo (Foto: Edson Denobi)<\/p>\n","protected":false},"author":4,"featured_media":21796,"comment_status":"closed","ping_status":"open","sticky":false,"template":"","format":"standard","meta":{"footnotes":""},"categories":[24],"tags":[],"class_list":["post-21795","post","type-post","status-publish","format-standard","has-post-thumbnail","hentry","category-noticias"],"acf":[],"_links":{"self":[{"href":"http:\/\/www.apucarana.pr.gov.br\/site\/wp-json\/wp\/v2\/posts\/21795","targetHints":{"allow":["GET"]}}],"collection":[{"href":"http:\/\/www.apucarana.pr.gov.br\/site\/wp-json\/wp\/v2\/posts"}],"about":[{"href":"http:\/\/www.apucarana.pr.gov.br\/site\/wp-json\/wp\/v2\/types\/post"}],"author":[{"embeddable":true,"href":"http:\/\/www.apucarana.pr.gov.br\/site\/wp-json\/wp\/v2\/users\/4"}],"replies":[{"embeddable":true,"href":"http:\/\/www.apucarana.pr.gov.br\/site\/wp-json\/wp\/v2\/comments?post=21795"}],"version-history":[{"count":1,"href":"http:\/\/www.apucarana.pr.gov.br\/site\/wp-json\/wp\/v2\/posts\/21795\/revisions"}],"predecessor-version":[{"id":100698,"href":"http:\/\/www.apucarana.pr.gov.br\/site\/wp-json\/wp\/v2\/posts\/21795\/revisions\/100698"}],"wp:featuredmedia":[{"embeddable":true,"href":"http:\/\/www.apucarana.pr.gov.br\/site\/wp-json\/"}],"wp:attachment":[{"href":"http:\/\/www.apucarana.pr.gov.br\/site\/wp-json\/wp\/v2\/media?parent=21795"}],"wp:term":[{"taxonomy":"category","embeddable":true,"href":"http:\/\/www.apucarana.pr.gov.br\/site\/wp-json\/wp\/v2\/categories?post=21795"},{"taxonomy":"post_tag","embeddable":true,"href":"http:\/\/www.apucarana.pr.gov.br\/site\/wp-json\/wp\/v2\/tags?post=21795"}],"curies":[{"name":"wp","href":"https:\/\/api.w.org\/{rel}","templated":true}]}}