{"id":21784,"date":"2019-02-20T20:57:13","date_gmt":"2019-02-20T23:57:13","guid":{"rendered":"http:\/\/172.16.0.7\/site-antigo\/?p=21784"},"modified":"2024-10-08T09:18:27","modified_gmt":"2024-10-08T12:18:27","slug":"educacao-de-apucarana-serve-de-exemplo-no-parana-diz-feder","status":"publish","type":"post","link":"http:\/\/www.apucarana.pr.gov.br\/site\/educacao-de-apucarana-serve-de-exemplo-no-parana-diz-feder\/","title":{"rendered":"\u201cEduca\u00e7\u00e3o de Apucarana serve de exemplo no Paran\u00e1\u201d, diz Feder"},"content":{"rendered":"<p>A Secretaria Estadual de Educa\u00e7\u00e3o (SEED) quer estabelecer coopera\u00e7\u00e3o de trabalho com as secretarias municipais de educa\u00e7\u00e3o, e o modelo desenvolvido em Apucarana, a partir de 2013, ir\u00e1 contribuir no planejamento do Estado. O formato de ensino paranaense para os pr\u00f3ximos quatro anos foi apresentado nesta quarta-feira (20\/02), em evento realizado no Teatro Gua\u00edra, em Curitiba, com a participa\u00e7\u00e3o de prefeitos e secret\u00e1rios municipais.<br \/>\nO prefeito em exerc\u00edcio de Apucarana, Junior da Femac, a diretora-presidente da Autarquia Municipal de Educa\u00e7\u00e3o (AME), Marli Fernandes; e procurador jur\u00eddico do munic\u00edpio, Paulo Vital participaram do encontro.<br \/>\nA SEED busca uma atua\u00e7\u00e3o conjunta do Estado e os munic\u00edpios para melhorar o aprendizado dos alunos no ensino fundamental II, do 6\u00ba ao 9\u00ba ano e no ensino m\u00e9dio, que tem uma avalia\u00e7\u00e3o muito baixa. Neste quesito, o Paran\u00e1 saiu da primeira coloca\u00e7\u00e3o nacional na avalia\u00e7\u00e3o do ensino m\u00e9dio em 2009, para o s\u00e9timo lugar em 2017. \u201cEm oito anos nossos alunos est\u00e3o aprendendo menos. \u00c9 importante sabermos em que est\u00e1gio estamos e estabelecer metas para tra\u00e7ar nosso caminho. O conhecimento precisa vir bem do ensino municipal e seguir no mesmo n\u00edvel no ensino ofertado pelo estado. Temos cinco metas para os pr\u00f3ximos anos. A primeira \u00e9 ter o melhor IDEB dos anos iniciais ao final em 2021\u201d, afirmou o Secret\u00e1rio de Estado da Educa\u00e7\u00e3o Renato Feder.<br \/>\nPara isso a SEED montou o plano que consiste na coopera\u00e7\u00e3o t\u00e9cnica e capacita\u00e7\u00e3o integrada dos professores e troca de experi\u00eancias exitosas, entre os profissionais da educa\u00e7\u00e3o do Estado e Munic\u00edpios. \u201cVoc\u00eas (munic\u00edpios) evolu\u00edram mais que n\u00f3s e t\u00eam muito a nos ajudar, afinal cada aluno \u00e9 um s\u00f3 para a rede\u201d, observou o secret\u00e1rio.<br \/>\nA qualidade do ensino integral de Apucarana, com m\u00e9dia 7,5 no IDEB de 2018, a maior entre os munic\u00edpios de mesmo porte, foi destacado pelo secret\u00e1rio, como pr\u00e1tica a ser aplicada. \u201cApucarana \u00e9 um dos nossos melhores resultados e cabe a n\u00f3s amplificador experi\u00eancias assim para todo o Estado. Este modelo vai ser copiado\u201d, frisou Feder.<br \/>\nO prefeito em exerc\u00edcio, J\u00fanior da Femac, colocou o munic\u00edpio a disposi\u00e7\u00e3o e convidou o secret\u00e1rio Renato Feder para vir conhecer as escolas e modelo de Apucarana. \u201cEle confirmou que vai estar conosco no dia 7 de mar\u00e7o quando teremos o encontro da Mulher Educadora. Os munic\u00edpios t\u00eam procurado acertar na educa\u00e7\u00e3o e Apucarana \u00e9 o carro-chefe deste trabalho\u201d, observou.<br \/>\nA Secretaria de Educa\u00e7\u00e3o quer ainda ampliar os cursos t\u00e9cnicos profissionalizantes e o uso da tecnologia no ensino, quer desenvolver material pedag\u00f3gico pr\u00f3prio, e vai criar uma avalia\u00e7\u00e3o bimestral do aprendizado no estado na chamada \u201cProva Paran\u00e1\u201d.<br \/>\nOs munic\u00edpios precisam aderir ao exame, que vai ser corrigido por um aplicativo e depois ter\u00e1 o resultado transmitido para a SEED, que ter\u00e1 conhecimento imediato das dificuldades dos alunos e atuar, com o munic\u00edpio, na melhoria destes pontos. Apucarana j\u00e1 aderiu \u00e0 avalia\u00e7\u00e3o, que j\u00e1 tem a primeira prova marcada para o dia 15 de mar\u00e7o. \u201cA Prova Paran\u00e1 \u00e9 mais uma ferramenta de diagn\u00f3stico, para melhoria do aprendizado em nosso munic\u00edpio, nos mostrando o resultado mais r\u00e1pido\u201d, avaliou a secret\u00e1ria de Educa\u00e7\u00e3o, Marli Fernandes.<br \/>\nNa condi\u00e7\u00e3o de presidente da Uni\u00e3o dos Dirigentes Municipais de Educa\u00e7\u00e3o (Undime) do Paran\u00e1 e tamb\u00e9m da regi\u00e3o Sul do Brasil, representou os secret\u00e1rios na solenidade, onde o governador Ratinho J\u00fanior foi representado pelo vice-governador, Darci Piana. Ele destacou a preocupa\u00e7\u00e3o do governo com a baixa qualidade da educa\u00e7\u00e3o e frisou que vai haver mais investimentos. \u201cEm at\u00e9 15 dias vamos apresentar o plano de estrutura\u00e7\u00e3o do Paran\u00e1. O Brasil vai crescer e n\u00f3s precisamos liderar\u201d, ressaltou o vice-governador Darci Piana.<br \/>\nClique e ou\u00e7a esta mat\u00e9ria<br \/>\nRenato Feder- secret\u00e1rio de Educa\u00e7\u00e3o do Paran\u00e1<br \/>\nhttps:\/\/soundcloud.com\/prefeitura-municipal-apucarana\/renato-feder-plano-de-educacao-21-02-19<br \/>\nMarli Fernandes- secret\u00e1ria de Educa\u00e7\u00e3o de Apucarana<br \/>\nhttps:\/\/soundcloud.com\/prefeitura-municipal-apucarana\/marli-fernandes-plano-de-educacao-21-02-19<br \/>\nJ\u00fanior da Femac- prefeito de Apucarana<br \/>\nhttps:\/\/soundcloud.com\/prefeitura-municipal-apucarana\/junior-da-femac-plano-de-educacao-21-02-19<\/p>\n","protected":false},"excerpt":{"rendered":"<p>Coment\u00e1rio foi feito pelo secret\u00e1rio Renato Feder, ao anunciar novas estrat\u00e9gias para o setor. Na foto: Marli Fernandes, secret\u00e1ria de educa\u00e7\u00e3o de Apucarana e presidente da Undime, ao lado do vice-governador Darci Piana e o secret\u00e1rio Renato Feder (Foto: Profeta)<\/p>\n","protected":false},"author":4,"featured_media":21789,"comment_status":"closed","ping_status":"open","sticky":false,"template":"","format":"standard","meta":{"footnotes":""},"categories":[24],"tags":[],"class_list":["post-21784","post","type-post","status-publish","format-standard","has-post-thumbnail","hentry","category-noticias"],"acf":[],"_links":{"self":[{"href":"http:\/\/www.apucarana.pr.gov.br\/site\/wp-json\/wp\/v2\/posts\/21784","targetHints":{"allow":["GET"]}}],"collection":[{"href":"http:\/\/www.apucarana.pr.gov.br\/site\/wp-json\/wp\/v2\/posts"}],"about":[{"href":"http:\/\/www.apucarana.pr.gov.br\/site\/wp-json\/wp\/v2\/types\/post"}],"author":[{"embeddable":true,"href":"http:\/\/www.apucarana.pr.gov.br\/site\/wp-json\/wp\/v2\/users\/4"}],"replies":[{"embeddable":true,"href":"http:\/\/www.apucarana.pr.gov.br\/site\/wp-json\/wp\/v2\/comments?post=21784"}],"version-history":[{"count":1,"href":"http:\/\/www.apucarana.pr.gov.br\/site\/wp-json\/wp\/v2\/posts\/21784\/revisions"}],"predecessor-version":[{"id":100699,"href":"http:\/\/www.apucarana.pr.gov.br\/site\/wp-json\/wp\/v2\/posts\/21784\/revisions\/100699"}],"wp:featuredmedia":[{"embeddable":true,"href":"http:\/\/www.apucarana.pr.gov.br\/site\/wp-json\/"}],"wp:attachment":[{"href":"http:\/\/www.apucarana.pr.gov.br\/site\/wp-json\/wp\/v2\/media?parent=21784"}],"wp:term":[{"taxonomy":"category","embeddable":true,"href":"http:\/\/www.apucarana.pr.gov.br\/site\/wp-json\/wp\/v2\/categories?post=21784"},{"taxonomy":"post_tag","embeddable":true,"href":"http:\/\/www.apucarana.pr.gov.br\/site\/wp-json\/wp\/v2\/tags?post=21784"}],"curies":[{"name":"wp","href":"https:\/\/api.w.org\/{rel}","templated":true}]}}