{"id":21779,"date":"2019-02-20T17:30:23","date_gmt":"2019-02-20T20:30:23","guid":{"rendered":"http:\/\/172.16.0.7\/site-antigo\/?p=21779"},"modified":"2024-10-08T09:18:27","modified_gmt":"2024-10-08T12:18:27","slug":"prefeitura-recupera-asfalto-na-vila-reis","status":"publish","type":"post","link":"http:\/\/www.apucarana.pr.gov.br\/site\/prefeitura-recupera-asfalto-na-vila-reis\/","title":{"rendered":"Prefeitura recupera asfalto na Vila Reis"},"content":{"rendered":"<p>Os investimentos da prefeitura de Apucarana em pavimenta\u00e7\u00e3o com recursos pr\u00f3prios do munic\u00edpio voltam a beneficiar o Distrito da Vila Reis. Desta vez, a obra de recupera\u00e7\u00e3o asf\u00e1ltica est\u00e1 sendo realizada na Rua Zumira e na Rua Jos\u00e9 Garcia Peres, totalizando 1,8 mil metros de asfalto.<br \/>\nEm fase de conclus\u00e3o, as duas obras envolveram um investimento de R$ 115 mil dos cofres municipais. A prefeitura est\u00e1 recuperando o asfalto da Rua Zumira, no trecho entre a entrada do distrito at\u00e9 o Jardim Miriam Maria. O prolongamento da via que corta esse loteamento j\u00e1 havia sido pavimentada na primeira gest\u00e3o do prefeito Beto Preto.<br \/>\n\u201cA situa\u00e7\u00e3o da rua estava t\u00e3o prec\u00e1ria que n\u00e3o era poss\u00edvel fazer tapa-buraco. A obra realizada pela prefeitura deixou essa via com asfalto novo e de qualidade. A Rua Zumira passa em frente ao nosso campo de futebol e \u00e9 uma das principais ruas do distrito\u201d, explica o vereador Marcos da Vila Reis.<br \/>\nA frente de obra asf\u00e1ltica na Vila Reis incluiu a pavimenta\u00e7\u00e3o do trecho da Rua Jos\u00e9 Garcia Peres, entre as ruas Zumira e Apucarana, mais precisamente o que passa em frente \u00e0 Unidade B\u00e1sica de Sa\u00fade (UBS) Pedro Barreto.<br \/>\nAs duas vias passaram por reconstru\u00e7\u00e3o da base que receberam a camada de 3 cent\u00edmetros de Concreto Betuminoso Usinado a Quente (CBUQ). Ainda foi realizada recupera\u00e7\u00e3o de galerias pluviais e constru\u00e7\u00e3o de 350 metros de meio fio ao longo desses trechos.<br \/>\nO vereador Marcos da Vila Reis destaca os investimentos da atual gest\u00e3o municipal no distrito da Vila Reis. \u201cNosso distrito n\u00e3o tem mais rua de barro. Est\u00e1 todo asfaltado. Nos \u00faltimos 4 anos, a administra\u00e7\u00e3o do prefeito Beto Preto e de Junior da Femac levaram asfalto a Jardim Miriam Maria, Bevilaqua e Vila das Ac\u00e1cias, onde a popula\u00e7\u00e3o sofreu mais de 30 anos com o p\u00f3 e o barro\u201d, observa o vereador.<br \/>\nO prefeito em exerc\u00edcio, Junior da Femac, lembra que somente uma gest\u00e3o que trata com seriedade o dinheiro do contribuinte consegue fazer tantos investimentos com recursos pr\u00f3prios. \u201cA aplica\u00e7\u00e3o de dinheiro do caixa municipal \u00e9 investido em diferentes \u00e1reas, incluindo em obras de pavimenta\u00e7\u00e3o t\u00e3o esperadas em diversos bairros da cidade\u201d, afirma Junior.<\/p>\n","protected":false},"excerpt":{"rendered":"<p>Em fase de conclus\u00e3o, obra leva pavimenta\u00e7\u00e3o nova e de qualidade para as ruas Zumira e Jos\u00e9 Garcia Peres (Fotos &#8211; Edson Denobi)<\/p>\n","protected":false},"author":4,"featured_media":21780,"comment_status":"closed","ping_status":"open","sticky":false,"template":"","format":"standard","meta":{"footnotes":""},"categories":[24],"tags":[],"class_list":["post-21779","post","type-post","status-publish","format-standard","has-post-thumbnail","hentry","category-noticias"],"acf":[],"_links":{"self":[{"href":"http:\/\/www.apucarana.pr.gov.br\/site\/wp-json\/wp\/v2\/posts\/21779","targetHints":{"allow":["GET"]}}],"collection":[{"href":"http:\/\/www.apucarana.pr.gov.br\/site\/wp-json\/wp\/v2\/posts"}],"about":[{"href":"http:\/\/www.apucarana.pr.gov.br\/site\/wp-json\/wp\/v2\/types\/post"}],"author":[{"embeddable":true,"href":"http:\/\/www.apucarana.pr.gov.br\/site\/wp-json\/wp\/v2\/users\/4"}],"replies":[{"embeddable":true,"href":"http:\/\/www.apucarana.pr.gov.br\/site\/wp-json\/wp\/v2\/comments?post=21779"}],"version-history":[{"count":1,"href":"http:\/\/www.apucarana.pr.gov.br\/site\/wp-json\/wp\/v2\/posts\/21779\/revisions"}],"predecessor-version":[{"id":100700,"href":"http:\/\/www.apucarana.pr.gov.br\/site\/wp-json\/wp\/v2\/posts\/21779\/revisions\/100700"}],"wp:featuredmedia":[{"embeddable":true,"href":"http:\/\/www.apucarana.pr.gov.br\/site\/wp-json\/"}],"wp:attachment":[{"href":"http:\/\/www.apucarana.pr.gov.br\/site\/wp-json\/wp\/v2\/media?parent=21779"}],"wp:term":[{"taxonomy":"category","embeddable":true,"href":"http:\/\/www.apucarana.pr.gov.br\/site\/wp-json\/wp\/v2\/categories?post=21779"},{"taxonomy":"post_tag","embeddable":true,"href":"http:\/\/www.apucarana.pr.gov.br\/site\/wp-json\/wp\/v2\/tags?post=21779"}],"curies":[{"name":"wp","href":"https:\/\/api.w.org\/{rel}","templated":true}]}}