{"id":21771,"date":"2019-02-19T16:55:59","date_gmt":"2019-02-19T19:55:59","guid":{"rendered":"http:\/\/172.16.0.7\/site-antigo\/?p=21771"},"modified":"2024-10-08T09:18:28","modified_gmt":"2024-10-08T12:18:28","slug":"cadastramento-para-pre-conferencias-de-saude-termina-amanha","status":"publish","type":"post","link":"http:\/\/www.apucarana.pr.gov.br\/site\/cadastramento-para-pre-conferencias-de-saude-termina-amanha\/","title":{"rendered":"Cadastramento para Pr\u00e9-confer\u00eancias de sa\u00fade termina amanh\u00e3"},"content":{"rendered":"<p>Termina amanh\u00e3 (20) o prazo para cadastramento para as Pr\u00e9-confer\u00eancias Municipal de Sa\u00fade de Apucarana. A Autarquia Municipal de Sa\u00fade intensificou nos \u00faltimos dias a mobiliza\u00e7\u00e3o para a participa\u00e7\u00e3o nestes eventos que visa propor, discutir e definir a\u00e7\u00f5es futuras que possam melhorar o atendimento da sa\u00fade p\u00fablica no munic\u00edpio.<br \/>\nO prefeito em exerc\u00edcio, Junior da Femac, participou pessoalmente de dois encontros com conselhos locais de sa\u00fade na semana passada, fortalecendo a mobiliza\u00e7\u00e3o da AMS para atrair a maior representatividade poss\u00edvel nas pr\u00e9-confer\u00eancias. \u201c\u00c9 muito importante ouvir o que a popula\u00e7\u00e3o tem a dizer para que possamos fazer as mudan\u00e7as que atendem a necessidade dos apucaranenses tamb\u00e9m nesta \u00e1rea. Ser\u00e1 uma consulta popular e o que for decidido vamos realizar. Onde h\u00e1 participa\u00e7\u00e3o maior, a conquista \u00e9 mais r\u00e1pida\u201d, conclamou Junior da Femac.<br \/>\nO prefeito em exerc\u00edcio enfatiza que a confer\u00eancias municipais vai de encontro ao mandado participativo implementado por Beto Preto. \u201cEssa gest\u00e3o al\u00e9m de gostar de ouvir, cumpre, coloca em pr\u00e1tica o que \u00e9 decidido nas confer\u00eancias. Podemos comprovar isso com resultados das confer\u00eancias da \u201ceduca\u00e7\u00e3o\u201d e das \u201ccidades\u201d. Hoje, a nossa educa\u00e7\u00e3o atingiu n\u00edvel de ensino de destaque no Paran\u00e1 e no Pa\u00eds e os avan\u00e7os na infraestrutura \u00e9 um divisor de \u00e1guas\u201d, afirma Junior, citando como exemplos a abrang\u00eancia das obras de pavimenta\u00e7\u00e3o asf\u00e1ltica, amplia\u00e7\u00e3o da rede de esgoto e a mudan\u00e7a no plano diretor que permitiu a cidade vivenciar uma nova realidade nos empreendimentos verticais. \u201cS\u00e3o nada menos que 20 pr\u00e9dios em constru\u00e7\u00e3o na cidade no momento\u201d, destaca.<br \/>\nAs Pr\u00e9-confer\u00eancias de Sa\u00fade v\u00e3o acontecer em dois dias. A primeira, voltada aos usu\u00e1rios da sa\u00fade, vai acontecer no dia 23 de fevereiro, \u00e0s 13 horas, no Col\u00e9gio Estadual Nilo Cairo. A segunda, destinada a trabalhadores e prestadores, est\u00e1 agendada para dia 25 de fevereiro, \u00e0s 18 horas, no Polo da UAB.<br \/>\n\u201cA pr\u00e9-confer\u00eancia \u00e9 o momento de apresentar id\u00e9ias que ir\u00e3o subsidiar a gest\u00e3o municipal com novas propostas para inclus\u00e3o no planejamento da sa\u00fade\u201d, reitera o presidente do Conselho Municipal de Sa\u00fade, Marcelo Viana de Castro.<br \/>\n\u201cNa pr\u00e9-confer\u00eancia tamb\u00e9m s\u00e3o eleitos os delegados para 11\u00aa Confer\u00eancia Municipal de Sa\u00fade que ir\u00e1 acontecer nos dias 5 e 6 de abril, na Unespar\/FECE.\u00a0 \u201cLegitimados pelo seguimento que representam s\u00e3o os delegados que ir\u00e3o aprovar ou n\u00e3o \u00a0as propostas tiradas nas duas pr\u00e9-confer\u00eancias\u201d, complementa Viana.<br \/>\n<strong>Cadastramento<\/strong><br \/>\nO cadastramento, cujo prazo termina amanh\u00e3, \u00e9 fundamental para legitimar a participa\u00e7\u00e3o das entidades e institui\u00e7\u00f5es nas pr\u00e9-confer\u00eancias. Garante o poder de voto e outras formas de representatividade. O chamamento para a inscri\u00e7\u00e3o \u00e9 direcionado especialmente a entidades e institui\u00e7\u00f5es que representam os trabalhadores da sa\u00fade e outras \u00e1reas, prestadores de servi\u00e7os da AMS e entidades da sociedade civil organizada como associa\u00e7\u00f5es de moradores, conselhos locais de sa\u00fade, ONGs da terceira idade, sindicatos, clubes de servi\u00e7os e institui\u00e7\u00f5es religiosas.<br \/>\nAs inscri\u00e7\u00f5es s\u00e3o feitas no Conselho Municipal de Sa\u00fade, que funciona em uma das salas do andar t\u00e9rreo da Autarquia Municipal de Sa\u00fade, localizada na Rua Miguel Sime\u00e3o, 69, falar com Leandra. Mais informa\u00e7\u00f5es pelo telefone 3162-3062.<br \/>\nA documenta\u00e7\u00e3o que deve ser apresentada no ato do cadastramento pode ser conferida no site da prefeitura <a href=\"http:\/\/www.apucarana.pr.gov.br\">www.apucarana.pr.gov.br<\/a>. , clicar no banner na p\u00e1gina inicial.<br \/>\n<strong>\u00a0<\/strong><\/p>\n","protected":false},"excerpt":{"rendered":"<p>Reivindica\u00e7\u00f5es, prioridades e sugest\u00f5es; tudo estar\u00e1 em pauta na discuss\u00e3o sobre a sa\u00fade p\u00fablica (Foto &#8211; Edson Denobi)<\/p>\n","protected":false},"author":4,"featured_media":21772,"comment_status":"closed","ping_status":"open","sticky":false,"template":"","format":"standard","meta":{"footnotes":""},"categories":[24],"tags":[],"class_list":["post-21771","post","type-post","status-publish","format-standard","has-post-thumbnail","hentry","category-noticias"],"acf":[],"_links":{"self":[{"href":"http:\/\/www.apucarana.pr.gov.br\/site\/wp-json\/wp\/v2\/posts\/21771","targetHints":{"allow":["GET"]}}],"collection":[{"href":"http:\/\/www.apucarana.pr.gov.br\/site\/wp-json\/wp\/v2\/posts"}],"about":[{"href":"http:\/\/www.apucarana.pr.gov.br\/site\/wp-json\/wp\/v2\/types\/post"}],"author":[{"embeddable":true,"href":"http:\/\/www.apucarana.pr.gov.br\/site\/wp-json\/wp\/v2\/users\/4"}],"replies":[{"embeddable":true,"href":"http:\/\/www.apucarana.pr.gov.br\/site\/wp-json\/wp\/v2\/comments?post=21771"}],"version-history":[{"count":1,"href":"http:\/\/www.apucarana.pr.gov.br\/site\/wp-json\/wp\/v2\/posts\/21771\/revisions"}],"predecessor-version":[{"id":100701,"href":"http:\/\/www.apucarana.pr.gov.br\/site\/wp-json\/wp\/v2\/posts\/21771\/revisions\/100701"}],"wp:featuredmedia":[{"embeddable":true,"href":"http:\/\/www.apucarana.pr.gov.br\/site\/wp-json\/"}],"wp:attachment":[{"href":"http:\/\/www.apucarana.pr.gov.br\/site\/wp-json\/wp\/v2\/media?parent=21771"}],"wp:term":[{"taxonomy":"category","embeddable":true,"href":"http:\/\/www.apucarana.pr.gov.br\/site\/wp-json\/wp\/v2\/categories?post=21771"},{"taxonomy":"post_tag","embeddable":true,"href":"http:\/\/www.apucarana.pr.gov.br\/site\/wp-json\/wp\/v2\/tags?post=21771"}],"curies":[{"name":"wp","href":"https:\/\/api.w.org\/{rel}","templated":true}]}}