{"id":21765,"date":"2019-02-19T16:51:24","date_gmt":"2019-02-19T19:51:24","guid":{"rendered":"http:\/\/172.16.0.7\/site-antigo\/?p=21765"},"modified":"2024-10-08T09:18:28","modified_gmt":"2024-10-08T12:18:28","slug":"vigilancia-sanitaria-orienta-manicures-e-pedicures-de-apucarana","status":"publish","type":"post","link":"http:\/\/www.apucarana.pr.gov.br\/site\/vigilancia-sanitaria-orienta-manicures-e-pedicures-de-apucarana\/","title":{"rendered":"Vigil\u00e2ncia Sanit\u00e1ria orienta manicures e pedicures de Apucarana"},"content":{"rendered":"<p>Fiscais do Departamento de Vigil\u00e2ncia Sanit\u00e1ria da Autarquia Municipal de Sa\u00fade (AMS) est\u00e3o percorrendo estabelecimentos de beleza de Apucarana, em especial os que prestam servi\u00e7os de manicure e pedicure, alertando sobre a obrigatoriedade de esteriliza\u00e7\u00e3o das ferramentas em metal, como pin\u00e7as e alicate. \u201cQuem j\u00e1 possui o equipamento de esteriliza\u00e7\u00e3o autoclave recebe uma licen\u00e7a sanit\u00e1ria especial autorizando o uso coletivo das ferramentas, do contr\u00e1rio, a profissional \u00e9 orientada a utilizar apenas material descart\u00e1vel ou solicitar \u00e0 cliente que traga de casa o seu pr\u00f3prio alicate e pin\u00e7a para realiza\u00e7\u00e3o do servi\u00e7o\u201d, relata Nelson Jorge Capelari, coordenador da Divis\u00e3o de Vigil\u00e2ncia Sanit\u00e1ria.<br \/>\nEle frisa que o intuito da fiscaliza\u00e7\u00e3o n\u00e3o \u00e9 proibir ningu\u00e9m de trabalhar. \u201cMuito pelo contr\u00e1rio, estamos atuando dentro do que prev\u00ea as normas de controle sanit\u00e1rio visando preservar tanto quem trabalha, quanto quem utiliza os servi\u00e7os de manicure e pedicure em Apucarana\u201d, pontua Capelari.<br \/>\nAs profissionais que n\u00e3o possuem a autoclave assinam um termo de intima\u00e7\u00e3o. \u201cEste documento \u00e9 comprova\u00e7\u00e3o de que foi orientada pela fiscaliza\u00e7\u00e3o e est\u00e1 ciente de que n\u00e3o pode utilizar coletivamente materiais em metal, como pin\u00e7as e alicates, sem a devida esteriliza\u00e7\u00e3o\u201d, resume o coordenador da Vigil\u00e2ncia Sanit\u00e1ria. A n\u00e3o observ\u00e2ncia das orienta\u00e7\u00f5es feitas pela fiscaliza\u00e7\u00e3o deixa a profissional e o estabelecimento sujeitos a san\u00e7\u00f5es previstas em lei como multa e interdi\u00e7\u00e3o, respectivamente.<br \/>\nO procedimento de esterilizar todos esses instrumentos \u00e9 imprescind\u00edvel para evitar a contamina\u00e7\u00e3o, entre clientes, por uma s\u00e9rie de doen\u00e7as atrav\u00e9s do contato de sangue contaminado. Neste quesito, o aparelho de autoclave \u00e9 o mais indicado para esterilizar todos os instrumentos que s\u00e3o resistentes ao calor.<br \/>\nAntes de iniciar a fiscaliza\u00e7\u00e3o junto aos estabelecimentos, o Departamento de Vigil\u00e2ncia Sanit\u00e1ria da Autarquia Municipal de Sa\u00fade realizou momentos de orienta\u00e7\u00e3o t\u00e9cnica que reuniram manicures, cabeleireiros, barbeiros, depiladores, maquiadores e outros profissionais de beleza. Al\u00e9m de esclarecimentos quanto aos cuidados com a esteriliza\u00e7\u00e3o e a necessidade de uso individual de materiais, tamb\u00e9m foi abordado a necessidade de descarte de l\u00e2minas de barbear ap\u00f3s o atendimento de cada cliente. Os profissionais que ainda t\u00eam d\u00favidas de como se adequar \u00e0s normas podem procurar a Vigil\u00e2ncia Sanit\u00e1ria, na Rua Clot\u00e1rio Portugal, n\u00famero 900, ou pelo telefone 3034-3004.<\/p>\n","protected":false},"excerpt":{"rendered":"<p>\u00d3rg\u00e3o cobra esteriliza\u00e7\u00e3o de materiais de metal de uso coletivo, como pin\u00e7as e alicates (Foto: Edson Denobi\/arquivo)<\/p>\n","protected":false},"author":4,"featured_media":21768,"comment_status":"closed","ping_status":"open","sticky":false,"template":"","format":"standard","meta":{"footnotes":""},"categories":[24],"tags":[],"class_list":["post-21765","post","type-post","status-publish","format-standard","has-post-thumbnail","hentry","category-noticias"],"acf":[],"_links":{"self":[{"href":"http:\/\/www.apucarana.pr.gov.br\/site\/wp-json\/wp\/v2\/posts\/21765","targetHints":{"allow":["GET"]}}],"collection":[{"href":"http:\/\/www.apucarana.pr.gov.br\/site\/wp-json\/wp\/v2\/posts"}],"about":[{"href":"http:\/\/www.apucarana.pr.gov.br\/site\/wp-json\/wp\/v2\/types\/post"}],"author":[{"embeddable":true,"href":"http:\/\/www.apucarana.pr.gov.br\/site\/wp-json\/wp\/v2\/users\/4"}],"replies":[{"embeddable":true,"href":"http:\/\/www.apucarana.pr.gov.br\/site\/wp-json\/wp\/v2\/comments?post=21765"}],"version-history":[{"count":1,"href":"http:\/\/www.apucarana.pr.gov.br\/site\/wp-json\/wp\/v2\/posts\/21765\/revisions"}],"predecessor-version":[{"id":100702,"href":"http:\/\/www.apucarana.pr.gov.br\/site\/wp-json\/wp\/v2\/posts\/21765\/revisions\/100702"}],"wp:featuredmedia":[{"embeddable":true,"href":"http:\/\/www.apucarana.pr.gov.br\/site\/wp-json\/"}],"wp:attachment":[{"href":"http:\/\/www.apucarana.pr.gov.br\/site\/wp-json\/wp\/v2\/media?parent=21765"}],"wp:term":[{"taxonomy":"category","embeddable":true,"href":"http:\/\/www.apucarana.pr.gov.br\/site\/wp-json\/wp\/v2\/categories?post=21765"},{"taxonomy":"post_tag","embeddable":true,"href":"http:\/\/www.apucarana.pr.gov.br\/site\/wp-json\/wp\/v2\/tags?post=21765"}],"curies":[{"name":"wp","href":"https:\/\/api.w.org\/{rel}","templated":true}]}}