{"id":21758,"date":"2019-02-19T16:16:52","date_gmt":"2019-02-19T19:16:52","guid":{"rendered":"http:\/\/172.16.0.7\/site-antigo\/?p=21758"},"modified":"2024-10-08T09:18:28","modified_gmt":"2024-10-08T12:18:28","slug":"prefeito-recepciona-estagiarios-da-rede-municipal-de-ensino","status":"publish","type":"post","link":"http:\/\/www.apucarana.pr.gov.br\/site\/prefeito-recepciona-estagiarios-da-rede-municipal-de-ensino\/","title":{"rendered":"Prefeito recepciona estagi\u00e1rios da rede municipal de ensino"},"content":{"rendered":"<p>O prefeito em exerc\u00edcio, Junior da Femac, e a secret\u00e1ria de educa\u00e7\u00e3o, Marli Fernandes, recepcionaram hoje (19) quase 200 estagi\u00e1rios que est\u00e3o passando por processo de admiss\u00e3o para atuar na rede municipal de ensino. S\u00e3o acad\u00eamicos das \u00e1reas de Educa\u00e7\u00e3o F\u00edsica, Pedagogia, Letras, Matem\u00e1tica, Magist\u00e9rio e Educa\u00e7\u00e3o Especial que v\u00eam para somar ao professor na sala de aula.<br \/>\nEm seu discurso de boas-vindas, Junior reafirmou que ofertar um ensino de qualidade \u00e0s crian\u00e7as apucaranenses \u00e9 prioridade da administra\u00e7\u00e3o municipal. \u201cPor isso, desde 2013, n\u00f3s investimos na reforma dos pr\u00e9dios escolares, no enriquecimento da merenda, na compra dos melhores materiais e uniformes, na forma\u00e7\u00e3o continuada dos professores e na contrata\u00e7\u00e3o de novos profissionais e estagi\u00e1rios,\u201d elencou.<br \/>\nProfessora Marli, por sua vez, solicitou o comprometimento dos candidatos selecionados. \u201cEu pe\u00e7o que voc\u00eas se dediquem com afinco ao trabalho e mantenham sempre a pontualidade. O est\u00e1gio \u00e9 uma etapa muito importante da forma\u00e7\u00e3o profissional, quando o estudante tem a oportunidade de experimentar o mercado de trabalho e observar como as teorias apreendidas na faculdade s\u00e3o aplicadas na pr\u00e1tica,\u201d disse.<br \/>\nAntes de come\u00e7arem os est\u00e1gios nos centros infantis e escolas da rede municipal, os selecionados ainda devem passar por exame m\u00e9dico admissional e providenciar a documenta\u00e7\u00e3o exigida para a formaliza\u00e7\u00e3o do contrato.<br \/>\nPara participar do processo de sele\u00e7\u00e3o de estagi\u00e1rios da Autarquia Municipal de Educa\u00e7\u00e3o, os interessados devem comparecer \u00e0 sede da institui\u00e7\u00e3o e preencher uma ficha de inscri\u00e7\u00e3o. O endere\u00e7o \u00e9 Rua Ant\u00f4nio Jos\u00e9 de Oliveira, 293, na Barra Funda.<br \/>\n&nbsp;<\/p>\n","protected":false},"excerpt":{"rendered":"<p>S\u00e3o quase 200 acad\u00eamicos das \u00e1reas de Educa\u00e7\u00e3o F\u00edsica, Pedagogia, Letras, Matem\u00e1tica, Magist\u00e9rio e Educa\u00e7\u00e3o Especial que v\u00eam para somar ao professor na sala de aula<\/p>\n","protected":false},"author":4,"featured_media":21762,"comment_status":"closed","ping_status":"open","sticky":false,"template":"","format":"standard","meta":{"footnotes":""},"categories":[24],"tags":[106,53,44,92,39],"class_list":["post-21758","post","type-post","status-publish","format-standard","has-post-thumbnail","hentry","category-noticias","tag-cmeis","tag-educacao","tag-ensino-publico","tag-escolas-municipais","tag-prefeitura-de-apucarana"],"acf":[],"_links":{"self":[{"href":"http:\/\/www.apucarana.pr.gov.br\/site\/wp-json\/wp\/v2\/posts\/21758","targetHints":{"allow":["GET"]}}],"collection":[{"href":"http:\/\/www.apucarana.pr.gov.br\/site\/wp-json\/wp\/v2\/posts"}],"about":[{"href":"http:\/\/www.apucarana.pr.gov.br\/site\/wp-json\/wp\/v2\/types\/post"}],"author":[{"embeddable":true,"href":"http:\/\/www.apucarana.pr.gov.br\/site\/wp-json\/wp\/v2\/users\/4"}],"replies":[{"embeddable":true,"href":"http:\/\/www.apucarana.pr.gov.br\/site\/wp-json\/wp\/v2\/comments?post=21758"}],"version-history":[{"count":1,"href":"http:\/\/www.apucarana.pr.gov.br\/site\/wp-json\/wp\/v2\/posts\/21758\/revisions"}],"predecessor-version":[{"id":100703,"href":"http:\/\/www.apucarana.pr.gov.br\/site\/wp-json\/wp\/v2\/posts\/21758\/revisions\/100703"}],"wp:featuredmedia":[{"embeddable":true,"href":"http:\/\/www.apucarana.pr.gov.br\/site\/wp-json\/"}],"wp:attachment":[{"href":"http:\/\/www.apucarana.pr.gov.br\/site\/wp-json\/wp\/v2\/media?parent=21758"}],"wp:term":[{"taxonomy":"category","embeddable":true,"href":"http:\/\/www.apucarana.pr.gov.br\/site\/wp-json\/wp\/v2\/categories?post=21758"},{"taxonomy":"post_tag","embeddable":true,"href":"http:\/\/www.apucarana.pr.gov.br\/site\/wp-json\/wp\/v2\/tags?post=21758"}],"curies":[{"name":"wp","href":"https:\/\/api.w.org\/{rel}","templated":true}]}}