{"id":21737,"date":"2019-02-18T16:38:50","date_gmt":"2019-02-18T19:38:50","guid":{"rendered":"http:\/\/172.16.0.7\/site-antigo\/?p=21737"},"modified":"2024-10-08T09:18:28","modified_gmt":"2024-10-08T12:18:28","slug":"apucarana-escolhe-miss-terceira-idade-neste-sabado","status":"publish","type":"post","link":"http:\/\/www.apucarana.pr.gov.br\/site\/apucarana-escolhe-miss-terceira-idade-neste-sabado\/","title":{"rendered":"Apucarana escolhe Miss Terceira Idade neste s\u00e1bado"},"content":{"rendered":"<p>Em meio a ensaios, sess\u00e3o de fotos e filmagens, as 14 candidatas do Miss Terceira Idade de Apucarana 2019 participaram hoje (18) de um almo\u00e7o de confraterniza\u00e7\u00e3o com a presen\u00e7a do prefeito em exerc\u00edcio, Junior da Femac. O evento, no sal\u00e3o de festas da Adefiap, tamb\u00e9m foi prestigiado pelas secret\u00e1rias da Assist\u00eancia Social, Ana Paula Nazarko, e da Promo\u00e7\u00e3o Art\u00edstica, Cultural e Tur\u00edstica de Apucarana (Promatur), Maria Agar, e pela vereadora Marcia Sousa.<br \/>\nO concurso, que j\u00e1 entra na 6\u00aa edi\u00e7\u00e3o, vai acontecer no pr\u00f3ximo s\u00e1bado, \u00e0s 20 horas, no Cine Teatro F\u00eanix e encerra as comemora\u00e7\u00f5es dos 75 anos do anivers\u00e1rio da cidade. \u201c\u00c9 com grande alegria que vemos cada uma de voc\u00eas participando desse evento. O participar, o estar junto \u00e9 o principal. Apucarana vai aplaudir cada uma de voc\u00eas que ir\u00e3o desfilar representando a mulher apucaranense pioneira e guerreira. Vamos celebrar isso no Miss Terceira Idade. Todas s\u00e3o vencedoras por participar desse momento t\u00e3o especial\u201d, afirmou Junior da Femac.<br \/>\nO concurso \u00e9 aberto a toda popula\u00e7\u00e3o e os ingressos podem ser retirados na bilheteria do Cine Teatro F\u00eanix, no s\u00e1bado (23), a partir das 19 horas. \u201cConvido a popula\u00e7\u00e3o a prestigiar esse evento que h\u00e1 6 anos vem proporcionado momentos especiais na vida dessas mulheres. Elas merecem nosso aplauso\u201d, destacou Junior da Femac.<br \/>\nTodas as candidatas, com idade entre 60 e 81 anos, fazem parte dos grupos Conviver da cidade, que hoje chegam a um total de 40. Uma parceria entre as secretarias da Promo\u00e7\u00e3o Art\u00edstica, Cultural e Tur\u00edstica de Apucarana (Promatur) e da Assist\u00eancia Social, o concurso neste ano ter\u00e1 a participa\u00e7\u00e3o da Banda Municipal.<br \/>\n<strong>Conhe\u00e7a as 14 candidatas que concorrem no MissTerceira Idade 2019<\/strong><\/p>\n<ul>\n<li><strong>C\u00e9lia Correia \u2013 72 anos<\/strong><\/li>\n<li><strong>Clarisse Mendon\u00e7a \u2013 81 anos<\/strong><\/li>\n<li><strong>Concei\u00e7\u00e3o Aparecida Ruthen, 69 anos<\/strong><\/li>\n<li><strong>Dalva Andr\u00e9, 62 anos<\/strong><\/li>\n<li><strong>Dalva Reis, 65 anos<\/strong><\/li>\n<li><strong>Elma do Prado, 67 anos<\/strong><\/li>\n<li><strong>Irondina Jesus Schok, 63 anos<\/strong><\/li>\n<li><strong>Judith Piasse, 60 anos<\/strong><\/li>\n<li><strong>Maria Aparecida Amador, 63 anos<\/strong><\/li>\n<li><strong>Maria Aparecida da Silva, 77 anos<\/strong><\/li>\n<li><strong>Maria Cec\u00edlia Gervazia Santana, 73 anos<\/strong><\/li>\n<li><strong>Maria Leonice da Silva Pedro, 60 anos<\/strong><\/li>\n<li><strong>Nelci Castorina da Silva, 61 anos<\/strong><\/li>\n<li><strong>Vicentina Antonia de Almeida, 70 anos<\/strong><\/li>\n<\/ul>\n<p>Clique e ou\u00e7a esta mat\u00e9ria<br \/>\nMaria Agar- secret\u00e1ria de Cultura<br \/>\nhttps:\/\/soundcloud.com\/prefeitura-municipal-apucarana\/maria-agar-almoco-misses-18-02-18<br \/>\nDonatila Pereira da Silva- Miss Terceira Idade 2018<br \/>\nhttps:\/\/soundcloud.com\/prefeitura-municipal-apucarana\/donatila-da-silva-almoco-misses-18-02-19<br \/>\nJ\u00fanior da Femac- prefeito de Apucarana<br \/>\nhttps:\/\/soundcloud.com\/prefeitura-municipal-apucarana\/junior-da-femac-almoco-misses-18-02-19<\/p>\n","protected":false},"excerpt":{"rendered":"<p>Concurso re\u00fane 14 candidatas de 60 a 81 anos no Cine Teatro F\u00eanix (Fotos &#8211; Profeta)<\/p>\n","protected":false},"author":4,"featured_media":21743,"comment_status":"closed","ping_status":"open","sticky":false,"template":"","format":"standard","meta":{"footnotes":""},"categories":[24],"tags":[],"class_list":["post-21737","post","type-post","status-publish","format-standard","has-post-thumbnail","hentry","category-noticias"],"acf":[],"_links":{"self":[{"href":"http:\/\/www.apucarana.pr.gov.br\/site\/wp-json\/wp\/v2\/posts\/21737","targetHints":{"allow":["GET"]}}],"collection":[{"href":"http:\/\/www.apucarana.pr.gov.br\/site\/wp-json\/wp\/v2\/posts"}],"about":[{"href":"http:\/\/www.apucarana.pr.gov.br\/site\/wp-json\/wp\/v2\/types\/post"}],"author":[{"embeddable":true,"href":"http:\/\/www.apucarana.pr.gov.br\/site\/wp-json\/wp\/v2\/users\/4"}],"replies":[{"embeddable":true,"href":"http:\/\/www.apucarana.pr.gov.br\/site\/wp-json\/wp\/v2\/comments?post=21737"}],"version-history":[{"count":1,"href":"http:\/\/www.apucarana.pr.gov.br\/site\/wp-json\/wp\/v2\/posts\/21737\/revisions"}],"predecessor-version":[{"id":100705,"href":"http:\/\/www.apucarana.pr.gov.br\/site\/wp-json\/wp\/v2\/posts\/21737\/revisions\/100705"}],"wp:featuredmedia":[{"embeddable":true,"href":"http:\/\/www.apucarana.pr.gov.br\/site\/wp-json\/"}],"wp:attachment":[{"href":"http:\/\/www.apucarana.pr.gov.br\/site\/wp-json\/wp\/v2\/media?parent=21737"}],"wp:term":[{"taxonomy":"category","embeddable":true,"href":"http:\/\/www.apucarana.pr.gov.br\/site\/wp-json\/wp\/v2\/categories?post=21737"},{"taxonomy":"post_tag","embeddable":true,"href":"http:\/\/www.apucarana.pr.gov.br\/site\/wp-json\/wp\/v2\/tags?post=21737"}],"curies":[{"name":"wp","href":"https:\/\/api.w.org\/{rel}","templated":true}]}}