{"id":21705,"date":"2019-02-15T15:55:57","date_gmt":"2019-02-15T17:55:57","guid":{"rendered":"http:\/\/172.16.0.7\/site-antigo\/?p=21705"},"modified":"2024-10-08T09:18:28","modified_gmt":"2024-10-08T12:18:28","slug":"apucarana-distribui-materiais-escolares-para-doze-mil-alunos","status":"publish","type":"post","link":"http:\/\/www.apucarana.pr.gov.br\/site\/apucarana-distribui-materiais-escolares-para-doze-mil-alunos\/","title":{"rendered":"Apucarana distribui materiais escolares para doze mil alunos"},"content":{"rendered":"<p>Cerca de doze mil alunos voltaram \u00e0s aulas essa semana na rede municipal de ensino. Assim como nos \u00faltimos anos, a Prefeitura de Apucarana novamente garantiu a eles todo o material escolar que necessitam para o ano letivo.<br \/>\nO prefeito em exerc\u00edcio Junior da Femac e a secret\u00e1ria de educa\u00e7\u00e3o Marli Fernandes fizeram a entrega oficial dos produtos, na manh\u00e3 de hoje (15), nas escolas Albino Biachi, no Jardim Trabalhista, e Mateus Leme, na Vila Oper\u00e1ria.<br \/>\nO investimento feito pela administra\u00e7\u00e3o municipal na compra dos materiais escolares foi de R$ 2 milh\u00f5es. Para que se tenha uma ideia do volume adquirido, s\u00e3o 146 mil cadernos de aritm\u00e9tica, linguagem e cartografia, 95 mil canetas, 62 mil l\u00e1pis pretos, 32 mil l\u00e1pis de cor, 32 mil apontadores, 50 mil borrachas, 18 mil tesouras, 37 mil colas brancas, 12 mil gizes de cera, 18 mil tintas guache, 12 mil estojos, 15 mil pastas e 12 mil agendas.<br \/>\n\u201cA educa\u00e7\u00e3o \u00e9 uma \u00e1rea priorit\u00e1ria no atual governo. Por isso, h\u00e1 seis anos, n\u00f3s acabamos com as listas que eram entregues aos pais no ato da matr\u00edcula. Hoje, as fam\u00edlias apucaranenses s\u00f3 precisam mandar os filhos para escola e a prefeitura assegura o restante: materiais escolares, uniformes e merenda,\u201d afirmou Junior da Femac.<br \/>\nA secret\u00e1ria Marli Fernandes destacou a qualidade daquilo que foi repassado aos alunos. \u201cA equipe da licita\u00e7\u00e3o fez um excelente trabalho e conseguiu que os fornecedores entregassem produtos de marcas nacionalmente reconhecidas, como Faber Castell e Acrilex. Os cadernos tamb\u00e9m possuem capas pl\u00e1sticas, feitas de material reciclado, que s\u00e3o bastante resistentes e n\u00e3o precisam ser encapadas,\u201d detalhou.<br \/>\nEsse ano, a novidade foi a inclus\u00e3o de um estojo, uma agenda e uma pasta no kit de cada crian\u00e7a. Esses itens devem facilitar a organiza\u00e7\u00e3o e o transporte dos materiais escolares.<br \/>\n\u201cEu tenho duas filhas matriculadas na Escola Albino Biachi, uma no 1\u00ba e outra no 5\u00ba ano. Elas j\u00e1 levaram alguns itens para casa, como agenda e l\u00e1pis, e eu pude conferir que s\u00e3o mesmo de \u00f3tima qualidade,\u201d disse Tailine Lemes Bento.<br \/>\nJ\u00e1 Viviane Miranda, m\u00e3e de dois alunos da Escola Mateus Leme, acredita que os materiais escolares entregues pela prefeitura provocam um sentimento de igualdade entre as crian\u00e7as. \u201cComo todas tem os mesmos cadernos, l\u00e1pis e canetas, elas n\u00e3o v\u00e3o comparar se o meu \u00e9 mais bonito que o seu. Isso \u00e9 muito positivo\u201d.<\/p>\n","protected":false},"excerpt":{"rendered":"<p>A novidade esse ano \u00e9 a inclus\u00e3o de um estojo, uma agenda e uma pasta no kit de cada crian\u00e7a (Fotos: Josias Pinto)<\/p>\n","protected":false},"author":4,"featured_media":21707,"comment_status":"closed","ping_status":"open","sticky":false,"template":"","format":"standard","meta":{"footnotes":""},"categories":[24],"tags":[106,53,44,111,181,39],"class_list":["post-21705","post","type-post","status-publish","format-standard","has-post-thumbnail","hentry","category-noticias","tag-cmeis","tag-educacao","tag-ensino-publico","tag-escolas-muncipais","tag-material-escolar","tag-prefeitura-de-apucarana"],"acf":[],"_links":{"self":[{"href":"http:\/\/www.apucarana.pr.gov.br\/site\/wp-json\/wp\/v2\/posts\/21705","targetHints":{"allow":["GET"]}}],"collection":[{"href":"http:\/\/www.apucarana.pr.gov.br\/site\/wp-json\/wp\/v2\/posts"}],"about":[{"href":"http:\/\/www.apucarana.pr.gov.br\/site\/wp-json\/wp\/v2\/types\/post"}],"author":[{"embeddable":true,"href":"http:\/\/www.apucarana.pr.gov.br\/site\/wp-json\/wp\/v2\/users\/4"}],"replies":[{"embeddable":true,"href":"http:\/\/www.apucarana.pr.gov.br\/site\/wp-json\/wp\/v2\/comments?post=21705"}],"version-history":[{"count":1,"href":"http:\/\/www.apucarana.pr.gov.br\/site\/wp-json\/wp\/v2\/posts\/21705\/revisions"}],"predecessor-version":[{"id":100709,"href":"http:\/\/www.apucarana.pr.gov.br\/site\/wp-json\/wp\/v2\/posts\/21705\/revisions\/100709"}],"wp:featuredmedia":[{"embeddable":true,"href":"http:\/\/www.apucarana.pr.gov.br\/site\/wp-json\/"}],"wp:attachment":[{"href":"http:\/\/www.apucarana.pr.gov.br\/site\/wp-json\/wp\/v2\/media?parent=21705"}],"wp:term":[{"taxonomy":"category","embeddable":true,"href":"http:\/\/www.apucarana.pr.gov.br\/site\/wp-json\/wp\/v2\/categories?post=21705"},{"taxonomy":"post_tag","embeddable":true,"href":"http:\/\/www.apucarana.pr.gov.br\/site\/wp-json\/wp\/v2\/tags?post=21705"}],"curies":[{"name":"wp","href":"https:\/\/api.w.org\/{rel}","templated":true}]}}