{"id":21668,"date":"2019-02-13T20:12:01","date_gmt":"2019-02-13T22:12:01","guid":{"rendered":"http:\/\/172.16.0.7\/site-antigo\/?p=21668"},"modified":"2024-10-08T09:18:29","modified_gmt":"2024-10-08T12:18:29","slug":"governador-vira-a-apucarana-para-liberar-obras-da-cristiano-kussmaul","status":"publish","type":"post","link":"http:\/\/www.apucarana.pr.gov.br\/site\/governador-vira-a-apucarana-para-liberar-obras-da-cristiano-kussmaul\/","title":{"rendered":"Governador vir\u00e1 a Apucarana para liberar obras da Cristiano Kussmaul"},"content":{"rendered":"<p>Em conversa mantida nesta quarta-feira (13\/02), em Curitiba, com o Governador Ratinho Junior, o prefeito em exerc\u00edcio de Apucarana, Junior da Femac, confirmou a vinda dele para a libera\u00e7\u00e3o dos recursos destinados \u00e0 constru\u00e7\u00e3o da nova Avenida Cristiano Kussmaul e j\u00e1 lan\u00e7ar a licita\u00e7\u00e3o da obra. \u201cO governador disse que ir\u00e1 encaixar na sua agenda a visita a Apucarana, que pode ser ainda em fevereiro, ou no mais tardar no in\u00edcio de mar\u00e7o\u201d, informou o prefeito.<br \/>\nConforme anunciou Junior, a prioridade \u00e9 a Cristiano Kussmaul, na interliga\u00e7\u00e3o da Avenida Governador Roberto da Silveira com o futuro viaduto do contorno sul, no acesso \u00e0 estrada do Rio Bom. \u201cImportante explicar aos moradores da regi\u00e3o, principalmente do residencial Interlagos, que esta via recebeu pavimento asf\u00e1ltico, na gest\u00e3o do ex-prefeito Jos\u00e9 Domingos Scarpelini, h\u00e1 mais de 15 anos, mas n\u00e3o conta com galerias pluviais e nem uma base adequada\u201d, lembrou.<br \/>\nAgora, segundo reitera o prefeito, a Cristiano Kussmaul ser\u00e1 reconstru\u00edda, abrangendo um trecho de 3 quil\u00f4metros. \u201cO pavimento prec\u00e1rio feito no in\u00edcio da d\u00e9cada de 90, com base de pi\u00e7arra e sem sistema de drenagem, dar\u00e1 espa\u00e7o para uma pista de 10 metros de largura, com a pavimenta\u00e7\u00e3o de 30 mil metros quadrados\u201d, explica Junior da Femac.<br \/>\nPara garantir maior durabilidade ao asfalto, o projeto prev\u00ea o refor\u00e7o no sistema de drenagem, com a coloca\u00e7\u00e3o de tubos de 40, 60 e 80 cent\u00edmetros e tamb\u00e9m de um metro de di\u00e2metro. \u201cA \u00e1gua pluviais ser\u00e3o canalizadas para o C\u00f3rrego Barra Nova e para isso a tubula\u00e7\u00e3o precisar\u00e1 ser refor\u00e7ada num trecho de cerca de 800 metros de extens\u00e3o\u201d, anuncia o secret\u00e1rio municipal de Obras, Herivelto Moreno.<br \/>\nA Lei 095\/2013 declarou de utilidade p\u00fablica, para fins de desapropria\u00e7\u00e3o, uma faixa de 30 metros de largura, paralela \u00e0 Rua Cristiano Kussmaul, do trecho que vai da Rua Kishitaro Kayukawa at\u00e9 o contorno sul. A \u00e1rea, situada defronte ao Interlagos, envolve partes de v\u00e1rios lotes, e se destina \u00e0 duplica\u00e7\u00e3o da via, que ser\u00e1 transformada num futuro breve em via perimetral. &#8220;Estamos come\u00e7ando um planejamento futuro da cidade, que precisa de vias perimetrais bem estruturadas, para interligar regi\u00f5es da cidade\u201d, argumenta Junior.<br \/>\nNOVA UCR\u00c2NIA &#8211; No mesmo contato de financiamento pelo Paran\u00e1 Urbano est\u00e1 inclusa a obra da Rua Sussumo Shimura, no prolongamento da Rua Nova Ucr\u00e2nia, tamb\u00e9m ligando a regi\u00e3o do Bairro Igrejinha com o contorno sul. A obra, com extens\u00e3o de 870 metros e pista com 12 metros de largura tem um custo or\u00e7ado em R$ 1,2 milh\u00e3o.<br \/>\nConforme argumenta Junior, s\u00e3o obras de alto custo e o munic\u00edpio, na gest\u00e3o do prefeito Beto Preto, buscou uma alternativa vi\u00e1vel para a sua execu\u00e7\u00e3o. Ele acrescenta que a pavimenta\u00e7\u00e3o deste trecho tamb\u00e9m beneficiar\u00e1 \u00e1reas industriais e bairros densamente povoados.<\/p>\n","protected":false},"excerpt":{"rendered":"<p>Junior da Femac tratou hoje com o governador Ratinho Junior sobre a nova via de interliga\u00e7\u00e3o com o contorno sul. A obra or\u00e7ada em R$ 2,8 milh\u00f5es ser\u00e1 viabilizada com recursos do Paran\u00e1 Urbano (Foto: Profeta)<\/p>\n","protected":false},"author":4,"featured_media":21669,"comment_status":"closed","ping_status":"open","sticky":false,"template":"","format":"standard","meta":{"footnotes":""},"categories":[24],"tags":[],"class_list":["post-21668","post","type-post","status-publish","format-standard","has-post-thumbnail","hentry","category-noticias"],"acf":[],"_links":{"self":[{"href":"http:\/\/www.apucarana.pr.gov.br\/site\/wp-json\/wp\/v2\/posts\/21668","targetHints":{"allow":["GET"]}}],"collection":[{"href":"http:\/\/www.apucarana.pr.gov.br\/site\/wp-json\/wp\/v2\/posts"}],"about":[{"href":"http:\/\/www.apucarana.pr.gov.br\/site\/wp-json\/wp\/v2\/types\/post"}],"author":[{"embeddable":true,"href":"http:\/\/www.apucarana.pr.gov.br\/site\/wp-json\/wp\/v2\/users\/4"}],"replies":[{"embeddable":true,"href":"http:\/\/www.apucarana.pr.gov.br\/site\/wp-json\/wp\/v2\/comments?post=21668"}],"version-history":[{"count":1,"href":"http:\/\/www.apucarana.pr.gov.br\/site\/wp-json\/wp\/v2\/posts\/21668\/revisions"}],"predecessor-version":[{"id":100715,"href":"http:\/\/www.apucarana.pr.gov.br\/site\/wp-json\/wp\/v2\/posts\/21668\/revisions\/100715"}],"wp:featuredmedia":[{"embeddable":true,"href":"http:\/\/www.apucarana.pr.gov.br\/site\/wp-json\/"}],"wp:attachment":[{"href":"http:\/\/www.apucarana.pr.gov.br\/site\/wp-json\/wp\/v2\/media?parent=21668"}],"wp:term":[{"taxonomy":"category","embeddable":true,"href":"http:\/\/www.apucarana.pr.gov.br\/site\/wp-json\/wp\/v2\/categories?post=21668"},{"taxonomy":"post_tag","embeddable":true,"href":"http:\/\/www.apucarana.pr.gov.br\/site\/wp-json\/wp\/v2\/tags?post=21668"}],"curies":[{"name":"wp","href":"https:\/\/api.w.org\/{rel}","templated":true}]}}