{"id":21544,"date":"2019-02-06T16:13:24","date_gmt":"2019-02-06T18:13:24","guid":{"rendered":"http:\/\/172.16.0.7\/site-antigo\/?p=21544"},"modified":"2024-10-08T09:18:30","modified_gmt":"2024-10-08T12:18:30","slug":"apucarana-promove-formacao-continuada-dos-motoristas-merendeiras-zeladores-e-secretarios-escolares","status":"publish","type":"post","link":"http:\/\/www.apucarana.pr.gov.br\/site\/apucarana-promove-formacao-continuada-dos-motoristas-merendeiras-zeladores-e-secretarios-escolares\/","title":{"rendered":"Apucarana promove forma\u00e7\u00e3o continuada dos motoristas, merendeiras, zeladores, e secret\u00e1rios escolares"},"content":{"rendered":"<p>Os motoristas, merendeiras, zeladores e secret\u00e1rios escolares da rede municipal apucaranense tamb\u00e9m est\u00e3o passando por forma\u00e7\u00e3o continuada durante a Semana Pedag\u00f3gica de 2019. Na tarde de hoje (6\/2), no Cine Teatro F\u00eanix, eles acompanharam a palestra \u2018Somos todos educadores\u2019, ministrada pela MBA em Gest\u00e3o das Organiza\u00e7\u00f5es de Ensino e coach educacional Laiz Sousa Beerends.<br \/>\nA Autarquia Municipal de Educa\u00e7\u00e3o compreende que o professor n\u00e3o \u00e9 o \u00fanico agente respons\u00e1vel pela forma\u00e7\u00e3o do aluno no contexto escolar. \u201cOs demais servidores tamb\u00e9m s\u00e3o importantes, pois as crian\u00e7as aprendem observando a forma como eles agem e reagem nas diversas situa\u00e7\u00f5es do dia-a-dia,\u201d explicou a superintendente geral da AME, Ana Paula Cunha, que representou no ato a secret\u00e1ria Marli Fernandes.<br \/>\n\u201cA cordialidade que o servidor demonstra para com o pr\u00f3ximo, a dedica\u00e7\u00e3o ao trabalho, a maneira de dizer sim ou n\u00e3o quando s\u00e3o solicitados, tudo isso \u00e9 percebido pelas crian\u00e7as que aprendem rapidamente atrav\u00e9s do exemplo. Por isso, a forma\u00e7\u00e3o continuada de todos os funcion\u00e1rios \u00e9 essencial,\u201d acrescentou o prefeito em exerc\u00edcio Junior da Femac.<br \/>\nEle tamb\u00e9m anunciou um refor\u00e7o na equipe da rede municipal de ensino. \u201cEu visitei ontem alguns CMEIs e conversei pessoalmente com os servidores. Diante da necessidade apresentada por eles, assumi o compromisso de convocar novos profissionais, aprovados em concurso p\u00fablico, para auxili\u00e1-los em suas fun\u00e7\u00f5es,\u201d adiantou.<br \/>\nA secret\u00e1ria municipal de ensino, Marli Fernandes, que se encontra em Bras\u00edlia para uma reuni\u00e3o no Minist\u00e9rio da Educa\u00e7\u00e3o, enviou um v\u00eddeo aos servidores. \u201cEu quero deixar registrado o respeito e carinho que sinto por todos da nossa rede. Muito obrigada pelo trabalho de voc\u00eas,\u201d disse.<\/p>\n","protected":false},"excerpt":{"rendered":"<p>Eles acompanharam a palestra \u2018Somos todos educadores\u2019, hoje (6), no Cine Teatro F\u00eanix (Fotos: Josias Pinto)<\/p>\n","protected":false},"author":4,"featured_media":21546,"comment_status":"closed","ping_status":"open","sticky":false,"template":"","format":"standard","meta":{"footnotes":""},"categories":[24],"tags":[179,106,53,92,180],"class_list":["post-21544","post","type-post","status-publish","format-standard","has-post-thumbnail","hentry","category-noticias","tag-ano-letivo-2019","tag-cmeis","tag-educacao","tag-escolas-municipais","tag-semana-pedagogica"],"acf":[],"_links":{"self":[{"href":"http:\/\/www.apucarana.pr.gov.br\/site\/wp-json\/wp\/v2\/posts\/21544","targetHints":{"allow":["GET"]}}],"collection":[{"href":"http:\/\/www.apucarana.pr.gov.br\/site\/wp-json\/wp\/v2\/posts"}],"about":[{"href":"http:\/\/www.apucarana.pr.gov.br\/site\/wp-json\/wp\/v2\/types\/post"}],"author":[{"embeddable":true,"href":"http:\/\/www.apucarana.pr.gov.br\/site\/wp-json\/wp\/v2\/users\/4"}],"replies":[{"embeddable":true,"href":"http:\/\/www.apucarana.pr.gov.br\/site\/wp-json\/wp\/v2\/comments?post=21544"}],"version-history":[{"count":1,"href":"http:\/\/www.apucarana.pr.gov.br\/site\/wp-json\/wp\/v2\/posts\/21544\/revisions"}],"predecessor-version":[{"id":100731,"href":"http:\/\/www.apucarana.pr.gov.br\/site\/wp-json\/wp\/v2\/posts\/21544\/revisions\/100731"}],"wp:featuredmedia":[{"embeddable":true,"href":"http:\/\/www.apucarana.pr.gov.br\/site\/wp-json\/"}],"wp:attachment":[{"href":"http:\/\/www.apucarana.pr.gov.br\/site\/wp-json\/wp\/v2\/media?parent=21544"}],"wp:term":[{"taxonomy":"category","embeddable":true,"href":"http:\/\/www.apucarana.pr.gov.br\/site\/wp-json\/wp\/v2\/categories?post=21544"},{"taxonomy":"post_tag","embeddable":true,"href":"http:\/\/www.apucarana.pr.gov.br\/site\/wp-json\/wp\/v2\/tags?post=21544"}],"curies":[{"name":"wp","href":"https:\/\/api.w.org\/{rel}","templated":true}]}}