{"id":21535,"date":"2019-02-05T18:13:42","date_gmt":"2019-02-05T20:13:42","guid":{"rendered":"http:\/\/172.16.0.7\/site-antigo\/?p=21535"},"modified":"2024-10-08T09:18:30","modified_gmt":"2024-10-08T12:18:30","slug":"prefeitura-pede-revisao-de-valor-das-parcelas","status":"publish","type":"post","link":"http:\/\/www.apucarana.pr.gov.br\/site\/prefeitura-pede-revisao-de-valor-das-parcelas\/","title":{"rendered":"Prefeitura pede revis\u00e3o de valor das parcelas do &quot;Solo Sagrado&quot;"},"content":{"rendered":"<p>O Banco do Brasil, a pedido do prefeito em exerc\u00edcio, Junior da Femac, e do prefeito licenciado Beto Preto, vai revisar o valor das parcelas mensais de parte dos mutu\u00e1rios do Residencial Solo Sagrado. O assunto foi tratado hoje, em reuni\u00e3o do prefeito Junior da Femac com o gerente da ag\u00eancia do BB em Apucarana, Everaldo Dal Piva de Lima.<br \/>\nJunior da Femac ponderou que algumas fam\u00edlias procuraram a Secretaria de Assist\u00eancia Social para reclamar do valor da parcela, pois achavam que iriam pagar um valor menor. Por conta disso, a secret\u00e1ria de assist\u00eancia social, Ana Paula Nazarko, mobilizou sua equipe e fez um levantamento dos valores que est\u00e3o sendo pagos pelos quinhentos mutu\u00e1rios.<br \/>\nConforme informou a secret\u00e1ria, cerca de 10% dos moradores do novo bairro est\u00e3o pagando uma parcela mensal acima de R$ 200, sendo que o teto m\u00e1ximo \u00e9 de R$ 270. \u201cOutros 262 mutu\u00e1rios pagam uma presta\u00e7\u00e3o inferior a R$ 100, sendo que o valor m\u00ednimo \u00e9 de R$ 80. E, por fim, outros 192 moradores pagam uma parcela que varia de R$ 101 a R$ 199\u201d, revelou.<br \/>\nNo di\u00e1logo que manteve com o gerente local da ag\u00eancia do Banco do Brasil, o prefeito Junior da Femac recebeu informa\u00e7\u00f5es oficiais das regras do Programa Minha Casa Minha Vida, com rela\u00e7\u00e3o \u00e0 renda familiar bruta mensal, que determina as faixas de valores a serem cobrados.<br \/>\nSegundo Dal Piva, o encargo liquido mensal \u00e9 a parcela a ser paga pelo benefici\u00e1rio (contrapartida), para opera\u00e7\u00f5es contratadas at\u00e9 30 de junho de 2016. \u201cOs mutu\u00e1rios que se enquadram na renda bruta familiar mais baixa, ficam limitados a pagar o valor de R$ 80 mensais\u201d, explicou.<br \/>\nPara opera\u00e7\u00f5es contratadas a partir de 1\u00ba de julho de 2016, as fam\u00edlias com renda bruta familiar mensal de at\u00e9 R$ 800, pagam uma parcela de R$ 80. As fam\u00edlias com renda de R$801 a R$ 1.200 pagam o valor correspondente a 10% da renda, ou seja, de R$ 80 a R$ 120. E, para as fam\u00edlias com renda bruta mensal de R$ 1.200 a R$ 1.800, pagam o valor de R$ 180 a no m\u00e1ximo R$ 270.<br \/>\nDe acordo com Everaldo Dal Piva de Lima, esses valores est\u00e3o previstos na portaria interministerial n\u00ba 99, de 30 de mar\u00e7o de 2016. \u201cA portaria indica que os valores das presta\u00e7\u00f5es mensais seriam estabelecidos em conformidade com a renda familiar bruta mensal\u201d, concluiu o representante do Banco do Brasil, acrescentando que, a pedido do prefeito em exerc\u00edcio Junior da Femac, o banco ir\u00e1 fazer uma revis\u00e3o completa dos valores.<\/p>\n","protected":false},"excerpt":{"rendered":"<p>Atendendo solicita\u00e7\u00e3o de mutu\u00e1rios, Junior da Femac pediu uma nova verifica\u00e7\u00e3o ao BB (Foto: Edson Denobi)<\/p>\n","protected":false},"author":4,"featured_media":21538,"comment_status":"closed","ping_status":"open","sticky":false,"template":"","format":"standard","meta":{"footnotes":""},"categories":[24],"tags":[],"class_list":["post-21535","post","type-post","status-publish","format-standard","has-post-thumbnail","hentry","category-noticias"],"acf":[],"_links":{"self":[{"href":"http:\/\/www.apucarana.pr.gov.br\/site\/wp-json\/wp\/v2\/posts\/21535","targetHints":{"allow":["GET"]}}],"collection":[{"href":"http:\/\/www.apucarana.pr.gov.br\/site\/wp-json\/wp\/v2\/posts"}],"about":[{"href":"http:\/\/www.apucarana.pr.gov.br\/site\/wp-json\/wp\/v2\/types\/post"}],"author":[{"embeddable":true,"href":"http:\/\/www.apucarana.pr.gov.br\/site\/wp-json\/wp\/v2\/users\/4"}],"replies":[{"embeddable":true,"href":"http:\/\/www.apucarana.pr.gov.br\/site\/wp-json\/wp\/v2\/comments?post=21535"}],"version-history":[{"count":1,"href":"http:\/\/www.apucarana.pr.gov.br\/site\/wp-json\/wp\/v2\/posts\/21535\/revisions"}],"predecessor-version":[{"id":100732,"href":"http:\/\/www.apucarana.pr.gov.br\/site\/wp-json\/wp\/v2\/posts\/21535\/revisions\/100732"}],"wp:featuredmedia":[{"embeddable":true,"href":"http:\/\/www.apucarana.pr.gov.br\/site\/wp-json\/"}],"wp:attachment":[{"href":"http:\/\/www.apucarana.pr.gov.br\/site\/wp-json\/wp\/v2\/media?parent=21535"}],"wp:term":[{"taxonomy":"category","embeddable":true,"href":"http:\/\/www.apucarana.pr.gov.br\/site\/wp-json\/wp\/v2\/categories?post=21535"},{"taxonomy":"post_tag","embeddable":true,"href":"http:\/\/www.apucarana.pr.gov.br\/site\/wp-json\/wp\/v2\/tags?post=21535"}],"curies":[{"name":"wp","href":"https:\/\/api.w.org\/{rel}","templated":true}]}}