{"id":21530,"date":"2019-02-05T17:53:19","date_gmt":"2019-02-05T19:53:19","guid":{"rendered":"http:\/\/172.16.0.7\/site-antigo\/?p=21530"},"modified":"2024-10-08T09:18:30","modified_gmt":"2024-10-08T12:18:30","slug":"copel-destaca-novo-gerente-para-apucarana","status":"publish","type":"post","link":"http:\/\/www.apucarana.pr.gov.br\/site\/copel-destaca-novo-gerente-para-apucarana\/","title":{"rendered":"Copel destaca novo gerente para Apucarana"},"content":{"rendered":"<p>Depois de tr\u00eas anos e oito meses de servi\u00e7os prestados em Apucarana, Ayres Augusto Gon\u00e7alves J\u00fanior deixou neste dia 1\u00ba de fevereiro a ger\u00eancia local da Companhia Paranaense de Energia El\u00e9trica (Copel) para assumir a ger\u00eancia de Londrina. Com a promo\u00e7\u00e3o, assume a unidade de Apucarana o apucaranense Gilberto Stefani, que at\u00e9 ent\u00e3o respondia pela ger\u00eancia de Camb\u00e9.<br \/>\nA troca de comando, feita pelo Governo Estadual, foi oficializada nesta ter\u00e7a-feira (05\/02) ao prefeito em exerc\u00edcio J\u00fanior da Femac. \u201cParabenizo Ayres pela ascens\u00e3o e agrade\u00e7o pelo trabalho desenvolvido \u00e0 frente da ger\u00eancia nesses quase quatro anos. Dentro da gest\u00e3o Beto Preto foram estabelecidas importantes parcerias que elevaram a qualidade da rede de distribui\u00e7\u00e3o da cidade. Tamb\u00e9m quero desejar boas-vindas e sucesso ao Gilberto, que \u00e9 de Apucarana, e que por isso est\u00e1 afinado com as caracter\u00edsticas e necessidades locais. Ele chega muito bem recomendado e tenho a certeza de que dar\u00e1 continuidade ao trabalho e projetos desenvolvidos com a prefeitura\u201d, disse J\u00fanior da Femac.<br \/>\nServidor de carreira da Copel h\u00e1 25 anos, Ayres destacou que grande parte das a\u00e7\u00f5es que desempenhou \u00e0 frente da ger\u00eancia foi estabelecida em parceria com a prefeitura. \u201cDesenvolvemos excelentes a\u00e7\u00f5es que contribu\u00edram para melhorar a efici\u00eancia do sistema de distribui\u00e7\u00e3o de energia el\u00e9trica da cidade, tamb\u00e9m investimos na Subesta\u00e7\u00e3o Figueira e deixamos encaminhado um projeto de uma nova subesta\u00e7\u00e3o para a cidade. Enfim, juntamente com a prefeitura estabelecemos um trabalho sempre em prol do munic\u00edpio\u201d, disse Ayres, que tamb\u00e9m avalizou a escolha do novo gerente, Gilberto Stefani. \u201cUm grande profissional, servidor de carreira da Copel h\u00e1 30 anos e chega ao cargo com m\u00e9ritos ap\u00f3s desempenhar muito bem sua fun\u00e7\u00e3o \u00e0 frente da ger\u00eancia de Camb\u00e9\u201d, concluiu Ayres.<br \/>\nStefani, que mesmo atuando em Camb\u00e9 permaneceu com resid\u00eancia em Apucarana, destacou que os cerca de quatro anos como gerente lhe gabaritaram ao cargo. \u201cAdquiri experi\u00eancia e estou pronto para o desafio da ger\u00eancia de Apucarana. A popula\u00e7\u00e3o pode ficar tranquila que a mudan\u00e7a n\u00e3o altera em nada a sequ\u00eancia do trabalho. As parcerias com a prefeitura continuam e as portas da ger\u00eancia Apucarana da Copel v\u00e3o estar sempre abertas para a popula\u00e7\u00e3o\u201d, disse Gilberto Stefani.<\/p>\n","protected":false},"excerpt":{"rendered":"<p>A troca de comando, feita pelo Governo Estadual, foi oficializada nesta ter\u00e7a-feira (05\/02) ao prefeito em exerc\u00edcio J\u00fanior da Femac (Foto: Profeta)<\/p>\n","protected":false},"author":4,"featured_media":21533,"comment_status":"closed","ping_status":"open","sticky":false,"template":"","format":"standard","meta":{"footnotes":""},"categories":[24],"tags":[],"class_list":["post-21530","post","type-post","status-publish","format-standard","has-post-thumbnail","hentry","category-noticias"],"acf":[],"_links":{"self":[{"href":"http:\/\/www.apucarana.pr.gov.br\/site\/wp-json\/wp\/v2\/posts\/21530","targetHints":{"allow":["GET"]}}],"collection":[{"href":"http:\/\/www.apucarana.pr.gov.br\/site\/wp-json\/wp\/v2\/posts"}],"about":[{"href":"http:\/\/www.apucarana.pr.gov.br\/site\/wp-json\/wp\/v2\/types\/post"}],"author":[{"embeddable":true,"href":"http:\/\/www.apucarana.pr.gov.br\/site\/wp-json\/wp\/v2\/users\/4"}],"replies":[{"embeddable":true,"href":"http:\/\/www.apucarana.pr.gov.br\/site\/wp-json\/wp\/v2\/comments?post=21530"}],"version-history":[{"count":1,"href":"http:\/\/www.apucarana.pr.gov.br\/site\/wp-json\/wp\/v2\/posts\/21530\/revisions"}],"predecessor-version":[{"id":100733,"href":"http:\/\/www.apucarana.pr.gov.br\/site\/wp-json\/wp\/v2\/posts\/21530\/revisions\/100733"}],"wp:featuredmedia":[{"embeddable":true,"href":"http:\/\/www.apucarana.pr.gov.br\/site\/wp-json\/"}],"wp:attachment":[{"href":"http:\/\/www.apucarana.pr.gov.br\/site\/wp-json\/wp\/v2\/media?parent=21530"}],"wp:term":[{"taxonomy":"category","embeddable":true,"href":"http:\/\/www.apucarana.pr.gov.br\/site\/wp-json\/wp\/v2\/categories?post=21530"},{"taxonomy":"post_tag","embeddable":true,"href":"http:\/\/www.apucarana.pr.gov.br\/site\/wp-json\/wp\/v2\/tags?post=21530"}],"curies":[{"name":"wp","href":"https:\/\/api.w.org\/{rel}","templated":true}]}}