{"id":21491,"date":"2019-02-04T18:09:12","date_gmt":"2019-02-04T20:09:12","guid":{"rendered":"http:\/\/172.16.0.7\/site-antigo\/?p=21491"},"modified":"2024-10-08T09:18:31","modified_gmt":"2024-10-08T12:18:31","slug":"economia-solidaria-pode-servir-de-modelo-no-parana","status":"publish","type":"post","link":"http:\/\/www.apucarana.pr.gov.br\/site\/economia-solidaria-pode-servir-de-modelo-no-parana\/","title":{"rendered":"\u201cEconomia Solid\u00e1ria\u201d pode servir de modelo no Paran\u00e1"},"content":{"rendered":"<p>Apucarana deve servir de modelo para o Estado, com o Programa da Economia Solid\u00e1ria e Protagonismo Feminino, implementado pela Secretaria Municipal da Mulher e Assuntos da Fam\u00edlia. Em reuni\u00e3o mantida, na \u00faltima sexta-feira (1), em Curitiba, com equipe t\u00e9cnica da Secretaria de Estado da Justi\u00e7a, Fam\u00edlia e Trabalho, o prefeito em exerc\u00edcio, Junior da Femac, e a secret\u00e1ria Denise Canesin Machado fizeram uma apresenta\u00e7\u00e3o do programa. Em conversa anterior mantida com Denise, o secret\u00e1rio Ney Leprevost se interessou no programa da economia solid\u00e1ria.<br \/>\nA secret\u00e1ria da Mulher e Assuntos da Fam\u00edlia, informou que a rede de mulheres solid\u00e1rias foi criada em 2014 e j\u00e1 capacitou mais de 800 pessoas na perspectiva da economia solid\u00e1ria. Conforme relatou ela, a rede \u00e9 bem diversificada, com participantes de v\u00e1rias idades e classes sociais. \u201cAl\u00e9m da gera\u00e7\u00e3o de emprego e renda, observamos que muitas mulheres voltaram a estudar\u201d, informou a secret\u00e1ria, salientando que a iniciativa tamb\u00e9m tem proporcionado o empoderamento feminino e a eleva\u00e7\u00e3o da auto-estima.<br \/>\nO prefeito Junior da Femac explicou como funciona a estrutura do Programa de Economia Solid\u00e1ria. \u201cA rede \u00e9 muito din\u00e2mica. Trata-se de um projeto que sempre tem novidades que v\u00e3o fomentando o trabalho\u201d, relatou ele, acrescentando que em 2015 o programa foi transformado em lei municipal para garantir a continuidade da iniciativa.<br \/>\nElizabete Berton Pereira, supervisora do Programa de Economia Solid\u00e1ria, que tamb\u00e9m participou da reuni\u00e3o, conta que normalmente as mulheres v\u00eam pela curiosidade de conhecer a rede. \u201cDepois de preencher um cadastro, elas s\u00e3o convidadas a participar de uma capacita\u00e7\u00e3o de 20 horas\/aula\u201d, explica Bete Berton.<br \/>\nNa sequ\u00eancia, aquelas que mostram perfil s\u00e3o integradas \u00e0 rede e convidadas a prestar voluntariamente um plant\u00e3o de trabalho no Espa\u00e7o Mulher. \u201cA partir deste momento, a loja \u00e9 dela e de todas as outras mulheres. Ela vender\u00e1 o seu produto e tamb\u00e9m das demais integrantes da rede, o que refor\u00e7a o mecanismo solid\u00e1rio\u201d, explica Bete Berton.<br \/>\nAl\u00e9m do Espa\u00e7o Mulher (loja para venda dos produtos) e de um \u201cponto gourmet\u201d, a rede possui ainda cinco pontos de venda no Terminal Urbano e o Espa\u00e7o Mulher do Distrito do Pirap\u00f3. \u201c\u00c0 medida que a rede vai crescendo, vamos buscando junto \u00e0 Prefeitura novos espa\u00e7os e formas de custeio desses locais\u201d, observa.<br \/>\nNo est\u00e1gio inicial, os empreendimentos contam com a participa\u00e7\u00e3o do poder p\u00fablico na gest\u00e3o, mas o objetivo da iniciativa \u00e9 levar as mulheres a conduzir em 100% os neg\u00f3cios. \u201c\u00c0 medida que v\u00e3o evoluindo e adquirindo um perfil empreendedor, elas s\u00e3o encaminhadas para o sistema de auto-gest\u00e3o e para a formaliza\u00e7\u00e3o do empreendimento\u201d,  relata a supervisora do programa.<br \/>\nOs  empreendimentos solid\u00e1rios envolvem a produ\u00e7\u00e3o de p\u00e3es, roscas e bolachas, artesanato, produtos de higiene e limpeza, bombons, bonecas, confec\u00e7\u00e3o, tric\u00f4 e croch\u00ea, bolsas, chinelos, orqu\u00eddeas, entre outros. Entre os destaques est\u00e3o a produ\u00e7\u00e3o de pe\u00e7as com fibra de bananeira e o empreendimento de gastronomia.<br \/>\nRepresentando o secret\u00e1rio de Justi\u00e7a, Fam\u00edlia e Trabalho, Ney Leprevost, participaram da reuni\u00e3o Cacibo Buffara, coordenador da \u00e1rea de trabalho e empresas; e Paula Tavares, assessora do secret\u00e1rio. Buffara avaliou que o programa \u00e9 muito interessante. \u201cO conhecimento de Apucarana pode ser muito bem replicado para outros munic\u00edpios. \u00c9 uma proposta que pode ser adotada pelo estado. Agendamos uma visita a Apucarana para conhecer in loco o programa\u201d, anunciou Buffara.<br \/>\nJunior da Femac disse que a reuni\u00e3o foi muito produtiva. \u201cApucarana est\u00e1 sendo refer\u00eancia para o projeto neg\u00f3cio solid\u00e1rio do Governo do Paran\u00e1. S\u00e3o diversas atividades de empreendedorismo que viabilizam renda para as mulheres. Ficamos felizes por este programa criado na gest\u00e3o do Beto Preto ter alcan\u00e7ado sucesso\u201d, concluiu Junior.<br \/>\nClique e ou\u00e7a esta mat\u00e9ria<br \/>\nCacibo Buffara- coordenador Secretaria do Trabalho e Empresas<br \/>\nhttps:\/\/soundcloud.com\/prefeitura-municipal-apucarana\/cacibo-buffara-mulheres-solidarias-curitiba-04-02-19<br \/>\nJ\u00fanior da Femac- prefeito em exerc\u00edcio<br \/>\nhttps:\/\/soundcloud.com\/prefeitura-municipal-apucarana\/junior-da-femac-mulheres-solidarias-curitiba-04-02-19<\/p>\n","protected":false},"excerpt":{"rendered":"<p>Programa foi apresentado em Curitiba \u00e0 equipe t\u00e9cnica da Secretaria de Justi\u00e7a, Fam\u00edlia e Trabalho (Foto: Profeta)<\/p>\n","protected":false},"author":4,"featured_media":21495,"comment_status":"closed","ping_status":"open","sticky":false,"template":"","format":"standard","meta":{"footnotes":""},"categories":[24],"tags":[],"class_list":["post-21491","post","type-post","status-publish","format-standard","has-post-thumbnail","hentry","category-noticias"],"acf":[],"_links":{"self":[{"href":"http:\/\/www.apucarana.pr.gov.br\/site\/wp-json\/wp\/v2\/posts\/21491","targetHints":{"allow":["GET"]}}],"collection":[{"href":"http:\/\/www.apucarana.pr.gov.br\/site\/wp-json\/wp\/v2\/posts"}],"about":[{"href":"http:\/\/www.apucarana.pr.gov.br\/site\/wp-json\/wp\/v2\/types\/post"}],"author":[{"embeddable":true,"href":"http:\/\/www.apucarana.pr.gov.br\/site\/wp-json\/wp\/v2\/users\/4"}],"replies":[{"embeddable":true,"href":"http:\/\/www.apucarana.pr.gov.br\/site\/wp-json\/wp\/v2\/comments?post=21491"}],"version-history":[{"count":1,"href":"http:\/\/www.apucarana.pr.gov.br\/site\/wp-json\/wp\/v2\/posts\/21491\/revisions"}],"predecessor-version":[{"id":100737,"href":"http:\/\/www.apucarana.pr.gov.br\/site\/wp-json\/wp\/v2\/posts\/21491\/revisions\/100737"}],"wp:featuredmedia":[{"embeddable":true,"href":"http:\/\/www.apucarana.pr.gov.br\/site\/wp-json\/"}],"wp:attachment":[{"href":"http:\/\/www.apucarana.pr.gov.br\/site\/wp-json\/wp\/v2\/media?parent=21491"}],"wp:term":[{"taxonomy":"category","embeddable":true,"href":"http:\/\/www.apucarana.pr.gov.br\/site\/wp-json\/wp\/v2\/categories?post=21491"},{"taxonomy":"post_tag","embeddable":true,"href":"http:\/\/www.apucarana.pr.gov.br\/site\/wp-json\/wp\/v2\/tags?post=21491"}],"curies":[{"name":"wp","href":"https:\/\/api.w.org\/{rel}","templated":true}]}}