{"id":21482,"date":"2019-02-04T14:26:10","date_gmt":"2019-02-04T16:26:10","guid":{"rendered":"http:\/\/172.16.0.7\/site-antigo\/?p=21482"},"modified":"2024-10-08T09:18:31","modified_gmt":"2024-10-08T12:18:31","slug":"encontro-de-gestores-abre-a-semana-pedagogica-na-rede-municipal-de-ensino","status":"publish","type":"post","link":"http:\/\/www.apucarana.pr.gov.br\/site\/encontro-de-gestores-abre-a-semana-pedagogica-na-rede-municipal-de-ensino\/","title":{"rendered":"Encontro de gestores abre a Semana Pedag\u00f3gica na rede municipal de ensino"},"content":{"rendered":"<p>Os diretores e coordenadores das 36 escolas e dos 23 centros infantis (CMEIs) da rede municipal de ensino estiveram reunidos, hoje (4\/2), na Associa\u00e7\u00e3o dos Funcion\u00e1rios P\u00fablicos de Apucarana (AFAP). O encontro de gestores marcou a abertura da Semana Pedag\u00f3gica de 2019, que ser\u00e1 desenvolvida at\u00e9 a pr\u00f3xima sexta-feira (8\/2) e deve envolver mais de mil professores e funcion\u00e1rios.<br \/>\n\u201cNesse primeiro encontro, os diretores e coordenadores receberam orienta\u00e7\u00f5es sobre a programa\u00e7\u00e3o da pr\u00f3pria semana, discutiram o plano de a\u00e7\u00f5es para o novo ano letivo e participaram de uma oficina sobre a plataforma Conviva,\u201d detalhou a diretora-presidente da Autarquia Municipal de Educa\u00e7\u00e3o, professora Marli Fernandes.<br \/>\nA Plataforma Conviva \u00e9 um ambiente virtual, criado pela Uni\u00e3o Nacional dos Dirigentes Municipais de Educa\u00e7\u00e3o (Undime), em parceria com outros doze institutos e funda\u00e7\u00f5es, que visa apoiar a gest\u00e3o das Secretarias Municipais de Educa\u00e7\u00e3o. Al\u00e9m dos diretores e coordenadores apucaranenses, representantes de Jandaia do Sul, Faxinal e Mau\u00e1 da Serra participaram da oficina, que foi ministrada pela articuladora Amanda Teodorovicz.<br \/>\nO prefeito em exerc\u00edcio Junior da Femac acompanhou o inicio dos trabalhos na AFAP. \u201cOs nossos diretores, coordenadores e professores carregam nos ombros uma responsabilidade muito grande, que \u00e9 cuidar da constru\u00e7\u00e3o do conhecimento de 12 mil crian\u00e7as. Gra\u00e7as a essa equipe dedicada, Apucarana ostenta atualmente a melhor educa\u00e7\u00e3o do Paran\u00e1, com nota 7,5 no Ideb (\u00cdndice de Desenvolvimento da Educa\u00e7\u00e3o B\u00e1sica) e uma merenda escolar premiada,\u201d afirmou.<br \/>\nO ponto alto da Semana Pedag\u00f3gica acontece amanh\u00e3 (5\/2), no Clube de Campo \u00c1gua Azul, quando os educadores da rede municipal devem assistir \u00e0 palestra \u2018Forma\u00e7\u00e3o de professores e humaniza\u00e7\u00e3o: novas rela\u00e7\u00f5es \u00e9ticas e pol\u00edticas na escola que acolhe\u2019, que ser\u00e1 ministrada pelo doutor em Filosofia e Educa\u00e7\u00e3o, Cesar Nunes.<br \/>\nJ\u00e1 na quarta-feira (6\/2), a forma\u00e7\u00e3o continuada alcan\u00e7ar\u00e1 os secret\u00e1rios escolares, merendeiras e auxiliares de servi\u00e7os gerais. Eles participar\u00e3o de uma confer\u00eancia, no Cine Teatro F\u00eanix, com a coach educacional e MBA em Gest\u00e3o das Organiza\u00e7\u00f5es de Ensino, Laiz de Sousa Beerends.<br \/>\nA palestra motivacional \u2018Cuidando do educador: compet\u00eancias sociais e emocionais\u2019, com Fabiano Brum, fecha a programa\u00e7\u00e3o na sexta-feira (8\/2).<br \/>\nO in\u00edcio das aulas na rede municipal apucaranense est\u00e1 agendado para a pr\u00f3xima ter\u00e7a-feira (12\/2) nos CMEIs e quinta-feira (14\/2) nas escolas.<br \/>\nClique e ou\u00e7a esta mat\u00e9ria<br \/>\nMarli Fernandes- secret\u00e1ria de Educa\u00e7\u00e3o<br \/>\nhttps:\/\/soundcloud.com\/prefeitura-municipal-apucarana\/marli-fernandes-reuniao-semana-pedagogica-04-02-19<br \/>\nJ\u00fanior da Femac- prefeito em exerc\u00edcio<br \/>\nhttps:\/\/soundcloud.com\/prefeitura-municipal-apucarana\/junior-da-femac-reuniao-semana-pedagogica-04-02-19<\/p>\n","protected":false},"excerpt":{"rendered":"<p>De 4 a 8 de fevereiro, mais de mil professores e funcion\u00e1rios dos CMEIs e escolas passam por forma\u00e7\u00e3o continuada (Fotos: Josias Pinto)<\/p>\n","protected":false},"author":4,"featured_media":21484,"comment_status":"closed","ping_status":"open","sticky":false,"template":"","format":"standard","meta":{"footnotes":""},"categories":[24],"tags":[179,126,106,44,92,61,180],"class_list":["post-21482","post","type-post","status-publish","format-standard","has-post-thumbnail","hentry","category-noticias","tag-ano-letivo-2019","tag-apucarana","tag-cmeis","tag-ensino-publico","tag-escolas-municipais","tag-formacao-continuada","tag-semana-pedagogica"],"acf":[],"_links":{"self":[{"href":"http:\/\/www.apucarana.pr.gov.br\/site\/wp-json\/wp\/v2\/posts\/21482","targetHints":{"allow":["GET"]}}],"collection":[{"href":"http:\/\/www.apucarana.pr.gov.br\/site\/wp-json\/wp\/v2\/posts"}],"about":[{"href":"http:\/\/www.apucarana.pr.gov.br\/site\/wp-json\/wp\/v2\/types\/post"}],"author":[{"embeddable":true,"href":"http:\/\/www.apucarana.pr.gov.br\/site\/wp-json\/wp\/v2\/users\/4"}],"replies":[{"embeddable":true,"href":"http:\/\/www.apucarana.pr.gov.br\/site\/wp-json\/wp\/v2\/comments?post=21482"}],"version-history":[{"count":1,"href":"http:\/\/www.apucarana.pr.gov.br\/site\/wp-json\/wp\/v2\/posts\/21482\/revisions"}],"predecessor-version":[{"id":100738,"href":"http:\/\/www.apucarana.pr.gov.br\/site\/wp-json\/wp\/v2\/posts\/21482\/revisions\/100738"}],"wp:featuredmedia":[{"embeddable":true,"href":"http:\/\/www.apucarana.pr.gov.br\/site\/wp-json\/"}],"wp:attachment":[{"href":"http:\/\/www.apucarana.pr.gov.br\/site\/wp-json\/wp\/v2\/media?parent=21482"}],"wp:term":[{"taxonomy":"category","embeddable":true,"href":"http:\/\/www.apucarana.pr.gov.br\/site\/wp-json\/wp\/v2\/categories?post=21482"},{"taxonomy":"post_tag","embeddable":true,"href":"http:\/\/www.apucarana.pr.gov.br\/site\/wp-json\/wp\/v2\/tags?post=21482"}],"curies":[{"name":"wp","href":"https:\/\/api.w.org\/{rel}","templated":true}]}}