{"id":21464,"date":"2019-02-02T12:56:55","date_gmt":"2019-02-02T14:56:55","guid":{"rendered":"http:\/\/172.16.0.7\/site-antigo\/?p=21464"},"modified":"2024-10-08T09:18:31","modified_gmt":"2024-10-08T12:18:31","slug":"eixo-viario-na-regiao-norte-abre-nova-opcao-de-acesso-a-apucarana","status":"publish","type":"post","link":"http:\/\/www.apucarana.pr.gov.br\/site\/eixo-viario-na-regiao-norte-abre-nova-opcao-de-acesso-a-apucarana\/","title":{"rendered":"Eixo vi\u00e1rio na regi\u00e3o norte abre  nova op\u00e7\u00e3o de acesso a Apucarana"},"content":{"rendered":"<p style=\"font-weight: 400\">A partir de agora, motoristas que trafegam no sentido Arapongas-Apucarana ter\u00e3o uma nova alternativa vi\u00e1ria, evitando congestionamentos em hor\u00e1rios de pico, na Avenida Brasil (trecho urbano da BR-369). Isso ser\u00e1 poss\u00edvel acessando a Rua Alum\u00ednio, na altura do viaduto no Parque Industrial Norte, e na sequ\u00eancia, as ruas S\u00e3o Tom\u00e9 e Rafael Sorfile, chegando at\u00e9 a Avenida Central do Paran\u00e1.<\/p>\n<p style=\"font-weight: 400\">\u201cCom o novo eixo vi\u00e1rio da regi\u00e3o norte da cidade, as pessoas poder\u00e3o evitar as longas filas de ve\u00edculos que se formam do trevo de acesso ao N\u00facleo Afonso Camargo at\u00e9 o \u201cbonez\u00e3o\u201d, principalmente ap\u00f3s as 18 horas\u201d, explica o prefeito em exerc\u00edcio Junior da Femac.<\/p>\n<p style=\"font-weight: 400\">Segundo ele, a interliga\u00e7\u00e3o do Jardim Ponta Grossa com o Arauc\u00e1ria e o Dom Romeu, foi planejada e executada pelo prefeito licenciado Beto Preto. Foram investidos R$ 670 mil, com recursos pr\u00f3prios do Munic\u00edpio para viabilizar as obras.<\/p>\n<p style=\"font-weight: 400\">O projeto incluiu servi\u00e7os de drenagem, melhorias em barragem (\u00e1rea alagada), cal\u00e7adas, arboriza\u00e7\u00e3o, sinaliza\u00e7\u00e3o vertical e horizontal, ilumina\u00e7\u00e3o e pavimenta\u00e7\u00e3o asf\u00e1ltica das ruas Rafael Sorfile (Jardim Ponta Grossa), S\u00e3o Tom\u00e9 (Dom Romeu Alberti) e a travessia entre o Residencial Arauc\u00e1rias e o Ponta Grossa.<\/p>\n<p style=\"font-weight: 400\">\u201cEssa \u00e9 mais uma etapa do Programa Interbairros, que foi levado para todas as regi\u00f5es da cidade, reduzindo dist\u00e2ncias e aproximando as pessoas\u201d, ressaltou Junior da Femac, na solenidade de inaugura\u00e7\u00e3o realizada na manh\u00e3 de ontem na Rua S\u00e3o Tom\u00e9, situada no N\u00facleo Dom Romeu Alberti.<\/p>\n<p style=\"font-weight: 400\">O presidente da Associa\u00e7\u00e3od e Moradores do Dom Romeu, \u201cMagr\u00e3o\u201d Cunha, agradeceu em nome das fam\u00edlias do bairro. \u201cEsperamos por essas obras por mais de trinta anos e s\u00f3 agora na gest\u00e3o do Beto preto e do Junior da Femac fomos atendidos\u201d, discursou o l\u00edder do bairro.<\/p>\n<p style=\"font-weight: 400\">O presidente da C\u00e2mara de Vereadores, Luciano Molina, destacou que as obras foram viabilizadas com recursos pr\u00f3prios da prefeitura, com planejamento e economia. \u201cEsse evento \u00e9 uma forma de prestar contas dos recursos gerados aos contribuintes\u201d, frisou Molina.<\/p>\n<p style=\"font-weight: 400\">O prefeito em exerc\u00edcio Junior da Femac disse que essas obras s\u00e3o emblem\u00e1ticas na gest\u00e3o do Beto Preto. \u201cTudo foi viabilizado do bairro para o centro, atendendo todas as regi\u00f5es da cidade, encurtando dist\u00e2ncias e aproximando as pessoas\u201d, argumentou Junior.<\/p>\n<p style=\"font-weight: 400\">Ele concluiu reiterando que \u201cApucarana vive um momento de uni\u00e3o, abrindo novos caminhos para o desenvolvimento, com boa gest\u00e3o do dinheiro p\u00fablico e \u00f3timas perspectivas com a for\u00e7a pol\u00edtica representada por dois deputados estaduais e um secret\u00e1rio no Governo Ratinho Junior\u201d.<\/p>\n","protected":false},"excerpt":{"rendered":"<p>Obra que interliga o Dom Romeu, Arauc\u00e1rias e Ponta Grossa foi inaugurada neste s\u00e1bado (fotos &#8211; Profeta)<\/p>\n","protected":false},"author":4,"featured_media":21465,"comment_status":"closed","ping_status":"open","sticky":false,"template":"","format":"standard","meta":{"footnotes":""},"categories":[24],"tags":[],"class_list":["post-21464","post","type-post","status-publish","format-standard","has-post-thumbnail","hentry","category-noticias"],"acf":[],"_links":{"self":[{"href":"http:\/\/www.apucarana.pr.gov.br\/site\/wp-json\/wp\/v2\/posts\/21464","targetHints":{"allow":["GET"]}}],"collection":[{"href":"http:\/\/www.apucarana.pr.gov.br\/site\/wp-json\/wp\/v2\/posts"}],"about":[{"href":"http:\/\/www.apucarana.pr.gov.br\/site\/wp-json\/wp\/v2\/types\/post"}],"author":[{"embeddable":true,"href":"http:\/\/www.apucarana.pr.gov.br\/site\/wp-json\/wp\/v2\/users\/4"}],"replies":[{"embeddable":true,"href":"http:\/\/www.apucarana.pr.gov.br\/site\/wp-json\/wp\/v2\/comments?post=21464"}],"version-history":[{"count":1,"href":"http:\/\/www.apucarana.pr.gov.br\/site\/wp-json\/wp\/v2\/posts\/21464\/revisions"}],"predecessor-version":[{"id":100739,"href":"http:\/\/www.apucarana.pr.gov.br\/site\/wp-json\/wp\/v2\/posts\/21464\/revisions\/100739"}],"wp:featuredmedia":[{"embeddable":true,"href":"http:\/\/www.apucarana.pr.gov.br\/site\/wp-json\/"}],"wp:attachment":[{"href":"http:\/\/www.apucarana.pr.gov.br\/site\/wp-json\/wp\/v2\/media?parent=21464"}],"wp:term":[{"taxonomy":"category","embeddable":true,"href":"http:\/\/www.apucarana.pr.gov.br\/site\/wp-json\/wp\/v2\/categories?post=21464"},{"taxonomy":"post_tag","embeddable":true,"href":"http:\/\/www.apucarana.pr.gov.br\/site\/wp-json\/wp\/v2\/tags?post=21464"}],"curies":[{"name":"wp","href":"https:\/\/api.w.org\/{rel}","templated":true}]}}