{"id":21365,"date":"2019-01-29T17:18:15","date_gmt":"2019-01-29T19:18:15","guid":{"rendered":"http:\/\/172.16.0.7\/site-antigo\/?p=21365"},"modified":"2024-10-08T09:18:32","modified_gmt":"2024-10-08T12:18:32","slug":"apucarana-busca-convenio-com-parana-saude-para-aquisicao-de-medicamentos-a-baixo-custo","status":"publish","type":"post","link":"http:\/\/www.apucarana.pr.gov.br\/site\/apucarana-busca-convenio-com-parana-saude-para-aquisicao-de-medicamentos-a-baixo-custo\/","title":{"rendered":"Apucarana busca conv\u00eanio com Paran\u00e1 Sa\u00fade para aquisi\u00e7\u00e3o de medicamentos a baixo custo"},"content":{"rendered":"<p>Os vereadores de Apucarana votam nesta quarta, quinta e sexta-feira (30, 31\/01 e 01\/02), em sess\u00f5es extraordin\u00e1rias, projeto de lei da Prefeitura de Apucarana, Gestora Municipal do Sistema \u00danico de Sa\u00fade (SUS), autorizado a Autarquia Municipal de Sa\u00fade (AMS) a firmar conv\u00eanio com o Cons\u00f3rcio lntergestores Paran\u00e1 Sa\u00fade, visando a operacionaliza\u00e7\u00e3o de a\u00e7\u00f5es de assist\u00eancia farmac\u00eautica, por meio da aquisi\u00e7\u00e3o de medicamentos essenciais \u00e0 popula\u00e7\u00e3o. Nos termos do conv\u00eanio, que ser\u00e1 v\u00e1lido por 12 meses, o Poder Executivo Municipal transferir\u00e1 R$888.325,62 do or\u00e7amento municipal ao \u201cParan\u00e1 Sa\u00fade\u201d.<br \/>\nA medida, assegura o prefeito em exerc\u00edcio J\u00fanior da Femac, vai gerar economia aos cofres municipais. \u201cPor comprar em grande quantidade, o cons\u00f3rcio consegue medicamentos a pre\u00e7os mais baixos e, com isso, vamos conseguir comprar mais medicamentos com o mesmo dinheiro\u201d, explicou J\u00fanior. Segundo ele, a diferen\u00e7a para menor entre valores pagos atualmente pela AMS chega a 30% em alguns itens. \u201cCalculamos que uma vez autorizado o conv\u00eanio pelos vereadores, consigamos uma economia anual de at\u00e9 R$150 mil\u201d, relatou o prefeito durante reuni\u00e3o em que pediu apoio dos vereadores para aprova\u00e7\u00e3o da mat\u00e9ria. \u201cUm bom exemplo s\u00e3o os antibi\u00f3ticos, que s\u00e3o um dos itens mais onerosos para a autarquia, mas que o cons\u00f3rcio consegue adquirir com valores at\u00e9 40% mais baixos\u201d, contou.<br \/>\nSegundo J\u00fanior da Femac, praticamente todas as cidades paranaenses utilizam o cons\u00f3rcio para aquisi\u00e7\u00e3o e que a presen\u00e7a de Beto Preto na Secretaria de Estado da Sa\u00fade (SESA) foi fator preponderante para o pedido de ades\u00e3o. \u201cHoje, tendo o Beto Preto \u00e0 frente da SESA, um gestor que tem vasta experi\u00eancia como prefeito e sabe da import\u00e2ncia do medicamento, de que ele n\u00e3o pode faltar nas unidades b\u00e1sicas de sa\u00fade, temos plena seguran\u00e7a de que todas as licita\u00e7\u00f5es e entregas v\u00e3o ocorrer dentro do prazo e por isso decidimos por estabelecer este conv\u00eanio, que vai nos possibilitar adquirir mais medicamentos com o mesmo dinheiro e, consequentemente, atender a mais pessoas\u201d, refor\u00e7ou J\u00fanior da Femac.<br \/>\nEm nome dos demais vereadores presentes na reuni\u00e3o, M\u00e1rcia Sousa garantiu apoio ao projeto de lei. \u201cPor comprar em grande escala, o Cons\u00f3rcio Paran\u00e1 Sa\u00fade possibilita essa grande margem de economia. E economia de recurso p\u00fablico \u00e9 sempre algo relevante, sobretudo, na \u00e1rea de sa\u00fade\u201d, pontuou a vereadora. Ela observou ainda a responsabilidade dos vereadores para atender aos prazos. \u201cPara que o conv\u00eanio seja oficializado e o pedido de compra de Apucarana seja inclu\u00eddo j\u00e1 na licita\u00e7\u00e3o de fevereiro, a prefeitura precisa que a lei seja publicada at\u00e9 este dia 4. Trata-se de uma iniciativa importante que beneficia toda a popula\u00e7\u00e3o\u201d, observou M\u00e1rcia Sousa.<br \/>\nDurante a reuni\u00e3o, o prefeito em exerc\u00edcio salientou que a AMS vai manter em caixa recursos necess\u00e1rios para a compra de medicamentos que o cons\u00f3rcio n\u00e3o trabalha, bem como para atender \u00e0 cota de assist\u00eancia social e de a\u00e7\u00f5es judiciais.<br \/>\nAutismo \u2013 Outro projeto de lei enviado pela prefeitura e que J\u00fanior da Femac solicitou apoio dos vereadores foi o que institui a carteirinha de identifica\u00e7\u00e3o para pessoas com autismo e que ser\u00e1 expedida pela Secretaria Municipal da Assist\u00eancia Social. \u201cEsta carteirinha ser\u00e1 um mecanismo de inclus\u00e3o, tanto para o autista quanto para o familiar que o estiver acompanhando, garantindo pleno acesso a v\u00e1rios diretos que eles j\u00e1 t\u00eam e est\u00e3o previstos em leis federais, estaduais e municipais\u201d, assinalou o prefeito em exerc\u00edcio.<br \/>\nSobre o assunto, falou o vereador Lucas Leugi, autor de lei municipal que declarou associa\u00e7\u00e3o local de utilidade p\u00fablica e tamb\u00e9m lei que garante prioridade em vagas de estacionamento. \u201cO autismo muitas vezes n\u00e3o tem como ser identificado fisicamente e essa carteira vai ser de grande import\u00e2ncia para as fam\u00edlias apucaranenses. As quest\u00f5es de atendimento da pessoa autista hoje s\u00e3o algo a ser incentivado em todas as esferas da sociedade\u201d, concluiu o vereador.<br \/>\nPresen\u00e7as \u2013 Durante a reuni\u00e3o com o prefeito em exerc\u00edcio J\u00fanior da Femac estiveram presentes os vereadores Luciano Molina (presidente), Lucas Leugi, Franciley Poim Godoi, Ant\u00f4nio Carlos Sidrin, Gentil Pereira, Jos\u00e9 Airton Deco de Ara\u00fajo, M\u00e1rcia Sousa, Marcos da Vila Reis, al\u00e9m do procurador-jur\u00eddico da prefeitura, Paulo S\u00e9rgio Vital e do secret\u00e1rio Municipal de Sa\u00fade, Roberto Kaneta. <\/p>\n","protected":false},"excerpt":{"rendered":"<p>Segundo J\u00fanior da Femac, praticamente todas as cidades paranaenses utilizam o cons\u00f3rcio para aquisi\u00e7\u00e3o e que a presen\u00e7a de Beto Preto na Secretaria de Estado da Sa\u00fade (SESA) foi fator preponderante para o pedido de ades\u00e3o (Foto: Edson Denobi)<\/p>\n","protected":false},"author":4,"featured_media":21369,"comment_status":"closed","ping_status":"open","sticky":false,"template":"","format":"standard","meta":{"footnotes":""},"categories":[24],"tags":[],"class_list":["post-21365","post","type-post","status-publish","format-standard","has-post-thumbnail","hentry","category-noticias"],"acf":[],"_links":{"self":[{"href":"http:\/\/www.apucarana.pr.gov.br\/site\/wp-json\/wp\/v2\/posts\/21365","targetHints":{"allow":["GET"]}}],"collection":[{"href":"http:\/\/www.apucarana.pr.gov.br\/site\/wp-json\/wp\/v2\/posts"}],"about":[{"href":"http:\/\/www.apucarana.pr.gov.br\/site\/wp-json\/wp\/v2\/types\/post"}],"author":[{"embeddable":true,"href":"http:\/\/www.apucarana.pr.gov.br\/site\/wp-json\/wp\/v2\/users\/4"}],"replies":[{"embeddable":true,"href":"http:\/\/www.apucarana.pr.gov.br\/site\/wp-json\/wp\/v2\/comments?post=21365"}],"version-history":[{"count":1,"href":"http:\/\/www.apucarana.pr.gov.br\/site\/wp-json\/wp\/v2\/posts\/21365\/revisions"}],"predecessor-version":[{"id":100751,"href":"http:\/\/www.apucarana.pr.gov.br\/site\/wp-json\/wp\/v2\/posts\/21365\/revisions\/100751"}],"wp:featuredmedia":[{"embeddable":true,"href":"http:\/\/www.apucarana.pr.gov.br\/site\/wp-json\/"}],"wp:attachment":[{"href":"http:\/\/www.apucarana.pr.gov.br\/site\/wp-json\/wp\/v2\/media?parent=21365"}],"wp:term":[{"taxonomy":"category","embeddable":true,"href":"http:\/\/www.apucarana.pr.gov.br\/site\/wp-json\/wp\/v2\/categories?post=21365"},{"taxonomy":"post_tag","embeddable":true,"href":"http:\/\/www.apucarana.pr.gov.br\/site\/wp-json\/wp\/v2\/tags?post=21365"}],"curies":[{"name":"wp","href":"https:\/\/api.w.org\/{rel}","templated":true}]}}