{"id":20664,"date":"2018-12-28T14:47:44","date_gmt":"2018-12-28T16:47:44","guid":{"rendered":"http:\/\/172.16.0.7\/site-antigo\/?p=20664"},"modified":"2024-10-08T09:17:25","modified_gmt":"2024-10-08T12:17:25","slug":"beto-preto-autoriza-licitacao-para-a-reforma-e-ampliacao-do-centro-infantil","status":"publish","type":"post","link":"http:\/\/www.apucarana.pr.gov.br\/site\/beto-preto-autoriza-licitacao-para-a-reforma-e-ampliacao-do-centro-infantil\/","title":{"rendered":"Beto Preto autoriza licita\u00e7\u00e3o para a reforma e amplia\u00e7\u00e3o do Centro Infantil\u00a0"},"content":{"rendered":"<p>Mais uma estrutura da rede municipal de sa\u00fade de Apucarana vai passar por melhorias. O prefeito Beto Preto autorizou nesta semana a abertura de licita\u00e7\u00e3o para a reforma e amplia\u00e7\u00e3o do Centro Infantil Sonho de Crian\u00e7a.<br \/>\nO pr\u00e9dio de 301,11 m\u00b2, localizado na Rua Miguel Sime\u00e3o, no mesmo quarteir\u00e3o da Autarquia Municipal de Sa\u00fade e da Farm\u00e1cia Municipal Central, ser\u00e1 reformado e vai ganhar 180,15 m\u00b2 de amplia\u00e7\u00e3o.<br \/>\nA sala de espera (com implanta\u00e7\u00e3o da sala verde) vai ganhar mais espa\u00e7o f\u00edsico. Tamb\u00e9m ser\u00e3o ampliados os sanit\u00e1rios para pacientes e acompanhantes, com acessibilidade. Outros setores que ir\u00e3o ganhar mais espa\u00e7o s\u00e3o o frald\u00e1rio, sala de triagem, arquivo, copa e dep\u00f3sito de material de limpeza.<br \/>\nCom a reforma e adequa\u00e7\u00e3o dos ambientes, o Centro Infantil passar\u00e1 a contar com seis consult\u00f3rios, sanit\u00e1rio exclusivo para funcion\u00e1rios, ampla sala de inala\u00e7\u00e3o coletiva e \u00e1rea de esteriliza\u00e7\u00e3o de materiais. A reforma tamb\u00e9m trar\u00e1 melhorias para o consult\u00f3rio odontol\u00f3gico que funciona no local e para sala de vacinas.<br \/>\nO investimento na reforma \u00e9 de R$ 155.588,01 e na amplia\u00e7\u00e3o de R$ 268.778,76, totalizando R$ 424.366,77. A obra ser\u00e1 custeada com recursos de emenda parlamentar da senadora Gleisi Hoffman, no valor R$ 300 mil. O restante, de pouco mais de R$ 124 mil, ser\u00e1 complementado com recursos pr\u00f3prios do munic\u00edpio.<br \/>\nO prefeito Beto Preto detalhou que a obra no centro infantil vai triplicar o n\u00famero de consult\u00f3rios. \u201cHoje temos dois e ser\u00e3o seis. Ainda prevemos ampliar o hor\u00e1rio de atendimento at\u00e9 as 23 horas, sendo que atualmente o fechamento acontece \u00e0s 17 horas\u201d, anunciou o prefeito.<br \/>\n\u201c\u00c9 uma alegria terminar os trabalhos de 2018 com tantos resultados positivos. S\u00e3o 4 UBSs em constru\u00e7\u00e3o; abertura de licita\u00e7\u00e3o para reforma e amplia\u00e7\u00e3o de outras 10 UBSs, entre tantas conquistas na sa\u00fade como em outras \u00e1reas da administra\u00e7\u00e3o municipal\u201d, completou Beto Preto. A m\u00e9dia de atendimento do Centro Infantil \u00e9 de 80 a 100 crian\u00e7as ao dia.<br \/>\n&nbsp;<\/p>\n","protected":false},"excerpt":{"rendered":"<p>Obra, no valor de R$ 424.366,77, ser\u00e1 custeada com verba de emenda parlamentar e recursos pr\u00f3prios do munic\u00edpio\u00a0(Fotos &#8211; Edson Denobi)<\/p>\n","protected":false},"author":4,"featured_media":20666,"comment_status":"closed","ping_status":"open","sticky":false,"template":"","format":"standard","meta":{"footnotes":""},"categories":[24],"tags":[],"class_list":["post-20664","post","type-post","status-publish","format-standard","has-post-thumbnail","hentry","category-noticias"],"acf":[],"_links":{"self":[{"href":"http:\/\/www.apucarana.pr.gov.br\/site\/wp-json\/wp\/v2\/posts\/20664","targetHints":{"allow":["GET"]}}],"collection":[{"href":"http:\/\/www.apucarana.pr.gov.br\/site\/wp-json\/wp\/v2\/posts"}],"about":[{"href":"http:\/\/www.apucarana.pr.gov.br\/site\/wp-json\/wp\/v2\/types\/post"}],"author":[{"embeddable":true,"href":"http:\/\/www.apucarana.pr.gov.br\/site\/wp-json\/wp\/v2\/users\/4"}],"replies":[{"embeddable":true,"href":"http:\/\/www.apucarana.pr.gov.br\/site\/wp-json\/wp\/v2\/comments?post=20664"}],"version-history":[{"count":1,"href":"http:\/\/www.apucarana.pr.gov.br\/site\/wp-json\/wp\/v2\/posts\/20664\/revisions"}],"predecessor-version":[{"id":100830,"href":"http:\/\/www.apucarana.pr.gov.br\/site\/wp-json\/wp\/v2\/posts\/20664\/revisions\/100830"}],"wp:featuredmedia":[{"embeddable":true,"href":"http:\/\/www.apucarana.pr.gov.br\/site\/wp-json\/"}],"wp:attachment":[{"href":"http:\/\/www.apucarana.pr.gov.br\/site\/wp-json\/wp\/v2\/media?parent=20664"}],"wp:term":[{"taxonomy":"category","embeddable":true,"href":"http:\/\/www.apucarana.pr.gov.br\/site\/wp-json\/wp\/v2\/categories?post=20664"},{"taxonomy":"post_tag","embeddable":true,"href":"http:\/\/www.apucarana.pr.gov.br\/site\/wp-json\/wp\/v2\/tags?post=20664"}],"curies":[{"name":"wp","href":"https:\/\/api.w.org\/{rel}","templated":true}]}}