{"id":20647,"date":"2018-12-27T17:39:37","date_gmt":"2018-12-27T19:39:37","guid":{"rendered":"http:\/\/172.16.0.7\/site-antigo\/?p=20647"},"modified":"2024-10-08T09:17:25","modified_gmt":"2024-10-08T12:17:25","slug":"beto-preto-entrega-reforma-e-ampliacao-do-cmei-vila-nova","status":"publish","type":"post","link":"http:\/\/www.apucarana.pr.gov.br\/site\/beto-preto-entrega-reforma-e-ampliacao-do-cmei-vila-nova\/","title":{"rendered":"Beto Preto entrega reforma e amplia\u00e7\u00e3o do CMEI Vila Nova"},"content":{"rendered":"<p>As novas instala\u00e7\u00f5es do Centro Municipal de Educa\u00e7\u00e3o Infantil (CMEI) Vila Nova foram entregues na noite desta quarta-feira (27\/12) pelo prefeito Beto Preto e a secret\u00e1ria de educa\u00e7\u00e3o Marli Fernandes. As obras de reforma e amplia\u00e7\u00e3o do pr\u00e9dio foram executadas nos \u00faltimos meses e ir\u00e3o permitir, a partir do pr\u00f3ximo ano, um aumento de 200% na capacidade de atendimento do CMEI.<br \/>\nAtualmente o CMEI atende 47 alunos e passar\u00e1 a atender 140 alunos em 2019. O projeto de engenharia idealizado para o CMEI Vila Nova envolveu a reforma de 500,11 m\u00b2 e a amplia\u00e7\u00e3o de mais 154,58 m\u00b2. O investimento nas melhorias no pr\u00e9dio foi de R$ 620 mil. Os servi\u00e7os foram executados pela Vitti Construtora e Incorporadora Ltda, empresa vencedora do processo de licita\u00e7\u00e3o da obra.<br \/>\nAs obras de melhorias inclu\u00edram a troca de toda a cobertura antiga de calhet\u00e3o, substitu\u00edda por uma estrutura met\u00e1lica com telhas de fibrocimento. Tamb\u00e9m foi instala\u00e7\u00e3o de forro de PVC em todo o pr\u00e9dio, e mantas t\u00e9rmicas nas salas de aula.<br \/>\nTodas as salas de aula foram reformadas, com a troca do piso cer\u00e2mico, pintura, reforma total dos banheiros, setor administrativo e de servi\u00e7os. E as instala\u00e7\u00f5es el\u00e9trica se hidr\u00e1ulicas foram totalmente revisadas.<br \/>\nForam executadas ainda a amplia\u00e7\u00e3o do refeit\u00f3rio, da cozinha, do dep\u00f3sito de merenda, lavandeira e banheiro dos servidores, al\u00e9m da cobertura de policarbonato do novo portal de entrado at\u00e9 o pr\u00e9dio. A exemplo dos demais pr\u00e9dios da rede municipal foram adequadas as normas do Corpo de Bombeiros, Vigil\u00e2ncia Sanit\u00e1ria e Acessibilidade.<br \/>\nA cinco dias do prazo para deixar o cargo de prefeito, para assumir a Secretaria de Estado da Sa\u00fade, o prefeito e m\u00e9dico Beto Preto, fez um pronunciamento emocionado na noite de ontem, ao entregar a reforma e amplia\u00e7\u00e3o do CMEI Vila Nova. \u201cNosso caminho \u00e9 trilhar na miss\u00e3o de construir solu\u00e7\u00f5es, e estou muito feliz por ter conseguido investir at\u00e9 agora R$ 40 milh\u00f5es em reformas e amplia\u00e7\u00f5es de creches e escolas da rede municipal\u201d, destacou Beto Preto.<br \/>\nNa presen\u00e7a de pais de alunos, professores e representantes da comunidade da Vila Nova, Beto Preto lembrou que essa foi a primeira creche que visitou, quando iniciou seu primeiro mandato em 2013. \u201cPresenciei aqui condi\u00e7\u00f5es prec\u00e1rias, com crian\u00e7as dormindo no ch\u00e3o e sem colchonetes. Hoje, temos um CMEI com acessibilidade, preven\u00e7\u00e3o de inc\u00eandio e dentro das normas da vigil\u00e2ncia sanit\u00e1ria\u201d, assinalou.<br \/>\nA secret\u00e1ria Marli Fernandes se manifestou entusiasmada com a radical mudan\u00e7a do pr\u00e9dio. Ela pediu palmas para todos os diretores, professores e servidores que comp\u00f5em a equipe de 1.400 funcion\u00e1rios da educa\u00e7\u00e3o, pelo saldo altamente positivo alcan\u00e7ados nos \u00faltimos anos.<br \/>\nNa solenidade, tamb\u00e9m discursou o presidente da C\u00e2mara, Mauro Bertoli, que enalteceu o salto de qualidade da educa\u00e7\u00e3o apucaranense, que det\u00e9m o melhor IDEB do Paran\u00e1. Lideran\u00e7as do bairro, representados por Ant\u00f4nio da Silva \u201cParceiro\u201d, e Gabriel Caldeira, agradeceram pela obra recebida, em nome da comunidade. A diretora do CMEI Vila Nova, Cleide Aparecida de Ara\u00fajo, ressaltou que a estrutura agora poder\u00e1 abrigar 140 crian\u00e7as do bairro. <\/p>\n","protected":false},"excerpt":{"rendered":"<p>Foram investidos R$ 620 mil nas obras, permitindo que a estrutura amplie de 47 para 140 vagas, a partir de 2019 (Foto: Edson Denobi)<\/p>\n","protected":false},"author":4,"featured_media":20655,"comment_status":"closed","ping_status":"open","sticky":false,"template":"","format":"standard","meta":{"footnotes":""},"categories":[24],"tags":[],"class_list":["post-20647","post","type-post","status-publish","format-standard","has-post-thumbnail","hentry","category-noticias"],"acf":[],"_links":{"self":[{"href":"http:\/\/www.apucarana.pr.gov.br\/site\/wp-json\/wp\/v2\/posts\/20647","targetHints":{"allow":["GET"]}}],"collection":[{"href":"http:\/\/www.apucarana.pr.gov.br\/site\/wp-json\/wp\/v2\/posts"}],"about":[{"href":"http:\/\/www.apucarana.pr.gov.br\/site\/wp-json\/wp\/v2\/types\/post"}],"author":[{"embeddable":true,"href":"http:\/\/www.apucarana.pr.gov.br\/site\/wp-json\/wp\/v2\/users\/4"}],"replies":[{"embeddable":true,"href":"http:\/\/www.apucarana.pr.gov.br\/site\/wp-json\/wp\/v2\/comments?post=20647"}],"version-history":[{"count":1,"href":"http:\/\/www.apucarana.pr.gov.br\/site\/wp-json\/wp\/v2\/posts\/20647\/revisions"}],"predecessor-version":[{"id":100832,"href":"http:\/\/www.apucarana.pr.gov.br\/site\/wp-json\/wp\/v2\/posts\/20647\/revisions\/100832"}],"wp:featuredmedia":[{"embeddable":true,"href":"http:\/\/www.apucarana.pr.gov.br\/site\/wp-json\/"}],"wp:attachment":[{"href":"http:\/\/www.apucarana.pr.gov.br\/site\/wp-json\/wp\/v2\/media?parent=20647"}],"wp:term":[{"taxonomy":"category","embeddable":true,"href":"http:\/\/www.apucarana.pr.gov.br\/site\/wp-json\/wp\/v2\/categories?post=20647"},{"taxonomy":"post_tag","embeddable":true,"href":"http:\/\/www.apucarana.pr.gov.br\/site\/wp-json\/wp\/v2\/tags?post=20647"}],"curies":[{"name":"wp","href":"https:\/\/api.w.org\/{rel}","templated":true}]}}