{"id":20640,"date":"2018-12-27T16:30:58","date_gmt":"2018-12-27T18:30:58","guid":{"rendered":"http:\/\/172.16.0.7\/site-antigo\/?p=20640"},"modified":"2024-10-08T09:17:25","modified_gmt":"2024-10-08T12:17:25","slug":"centro-e-barra-funda-recebem-reperfilamento-asfaltico","status":"publish","type":"post","link":"http:\/\/www.apucarana.pr.gov.br\/site\/centro-e-barra-funda-recebem-reperfilamento-asfaltico\/","title":{"rendered":"Centro e Barra Funda recebem reperfilamento asf\u00e1ltico"},"content":{"rendered":"<p>A Secretaria de Obras da Prefeitura de Apucarana confirmou que, nesta semana, a recupera\u00e7\u00e3o asf\u00e1ltica atendeu \u00e0s ruas Coronel Luiz Jos\u00e9 dos Santos, na \u00e1rea central, Geremias Lunardelli e Tamandar\u00e9, na Barra Funda. Os trabalhos, na modalidade de reperfilamento asf\u00e1ltico, foram contratados pela prefeitura via licita\u00e7\u00e3o e s\u00e3o executados pela empreiteira Tapalam Constru\u00e7\u00f5es e Empreendimentos Ltda. A a\u00e7\u00e3o, segundo enfatiza o prefeito Beto Preto (PSD), est\u00e1 dentro de um contrato que teve in\u00edcio em janeiro e prev\u00ea a recupera\u00e7\u00e3o de 244 mil metros quadrados de pavimento. \u201cAvan\u00e7amos bastante com este pacote de obras, devolvendo a trafegabilidade a dezenas de ruas do bairro ao centro e nos distritos de Apucarana\u201d, salienta Beto Preto.<br \/>\nA t\u00e9cnica de reperfilamento compreende a limpeza e lavagem da rua, aplica\u00e7\u00e3o de emuls\u00e3o asf\u00e1ltica, pintura de liga\u00e7\u00e3o e aplica\u00e7\u00e3o de uma camada de 2,5 cent\u00edmetros de Concreto Betuminoso Usinado a Quente (CBUQ). Com a recupera\u00e7\u00e3o destas vias, a Secretaria de Obras informa que 92,44% do contrato j\u00e1 foi executado &#8211; 225.555,16 mil metros quadrados. \u201cOs servi\u00e7os desta quarta e quinta-feira representaram a recupera\u00e7\u00e3o de 8.091 metros quadrados e um investimento na ordem de R$131.883,30\u201d, relata Herilvelto Moreno, secret\u00e1rio Municipal de Obras. Segundo ele, o investimento global do contrato \u00e9 na ordem de R$3.977.200,00.<br \/>\nNa rua Coronel Luiz Jos\u00e9 dos Santos foi reperfilado 1.566 metros quadrados de pavimento asf\u00e1ltico, atendendo ao trecho entre a rua Clot\u00e1rio Portugal e Pra\u00e7a Rui Barbosa; na rua Geremias Lunardelli executado 3.915 metros quadrados de reperfilamento, entre as ruas Munhoz da Rocha e Irati; e na rua Tamadar\u00e9 a recupera\u00e7\u00e3o atendeu 2.610 metros quadrados, entre as ruas Ant\u00f4nio Jos\u00e9 de Oliveira e Geremias Lunardelli.<br \/>\nA execu\u00e7\u00e3o dos 18.444,84 metros quadrados que restam para a conclus\u00e3o do contrato deve acontecer at\u00e9 o final de janeiro. No cronograma est\u00e3o as ruas Alexandre Berberi (da Os\u00f3rio Ribas de Paula at\u00e9 Diva Nadir); Dem\u00e9trio Santos Moreira (da Avenida Curitiba at\u00e9 rua Ponta Grossa); Byngton (da S\u00e3o Salvador at\u00e9 Avia\u00e7\u00e3o); Travessa Sarandi (da Pirap\u00f3 at\u00e9 o Complexo Esportivo Jos\u00e9 Ant\u00f4nio Basso); Prudente de Moraes (da Campos Salles at\u00e9 Hermes da Fonseca); e Silva Jardim (da Minas Gerais at\u00e9 o semin\u00e1rio).<\/p>\n","protected":false},"excerpt":{"rendered":"<p>A a\u00e7\u00e3o, segundo enfatiza o prefeito Beto Preto (PSD), est\u00e1 dentro de um contrato que teve in\u00edcio em janeiro e prev\u00ea a recupera\u00e7\u00e3o de 244 mil metros quadrados de pavimento (Foto: Edson Denobi)<\/p>\n","protected":false},"author":4,"featured_media":20642,"comment_status":"closed","ping_status":"open","sticky":false,"template":"","format":"standard","meta":{"footnotes":""},"categories":[24],"tags":[],"class_list":["post-20640","post","type-post","status-publish","format-standard","has-post-thumbnail","hentry","category-noticias"],"acf":[],"_links":{"self":[{"href":"http:\/\/www.apucarana.pr.gov.br\/site\/wp-json\/wp\/v2\/posts\/20640","targetHints":{"allow":["GET"]}}],"collection":[{"href":"http:\/\/www.apucarana.pr.gov.br\/site\/wp-json\/wp\/v2\/posts"}],"about":[{"href":"http:\/\/www.apucarana.pr.gov.br\/site\/wp-json\/wp\/v2\/types\/post"}],"author":[{"embeddable":true,"href":"http:\/\/www.apucarana.pr.gov.br\/site\/wp-json\/wp\/v2\/users\/4"}],"replies":[{"embeddable":true,"href":"http:\/\/www.apucarana.pr.gov.br\/site\/wp-json\/wp\/v2\/comments?post=20640"}],"version-history":[{"count":1,"href":"http:\/\/www.apucarana.pr.gov.br\/site\/wp-json\/wp\/v2\/posts\/20640\/revisions"}],"predecessor-version":[{"id":100833,"href":"http:\/\/www.apucarana.pr.gov.br\/site\/wp-json\/wp\/v2\/posts\/20640\/revisions\/100833"}],"wp:featuredmedia":[{"embeddable":true,"href":"http:\/\/www.apucarana.pr.gov.br\/site\/wp-json\/"}],"wp:attachment":[{"href":"http:\/\/www.apucarana.pr.gov.br\/site\/wp-json\/wp\/v2\/media?parent=20640"}],"wp:term":[{"taxonomy":"category","embeddable":true,"href":"http:\/\/www.apucarana.pr.gov.br\/site\/wp-json\/wp\/v2\/categories?post=20640"},{"taxonomy":"post_tag","embeddable":true,"href":"http:\/\/www.apucarana.pr.gov.br\/site\/wp-json\/wp\/v2\/tags?post=20640"}],"curies":[{"name":"wp","href":"https:\/\/api.w.org\/{rel}","templated":true}]}}