{"id":20630,"date":"2018-12-27T15:59:00","date_gmt":"2018-12-27T17:59:00","guid":{"rendered":"http:\/\/172.16.0.7\/site-antigo\/?p=20630"},"modified":"2024-10-08T09:17:25","modified_gmt":"2024-10-08T12:17:25","slug":"beto-preto-vistoria-construcao-de-4-ubss","status":"publish","type":"post","link":"http:\/\/www.apucarana.pr.gov.br\/site\/beto-preto-vistoria-construcao-de-4-ubss\/","title":{"rendered":"Beto Preto vistoria constru\u00e7\u00e3o de 4 UBSs"},"content":{"rendered":"<p>O prefeito Beto Preto vistoriou ontem as obras das quatro novas Unidades B\u00e1sicas de Sa\u00fade (UBSs) da cidade. Est\u00e3o em constru\u00e7\u00e3o a nova UBS Oreste Marquito, no Jardim Marissol; a Elayne Mazur, no Jardim Interlagos; e as dos residenciais Fariz Gebrin e Solo Sagrado.<br \/>\nAcompanhado do vice-prefeito, Junior da Femac, e dos vereadores Mauro Bertole e Francislei Poim Godoi, e o vice-presidente da Autarquia Municipal de Sa\u00fade, Em\u00eddio Bachiega, Beto Preto se mostrou satisfeito com o est\u00e1gio das obras. A do Fariz Gebrim \u00e9 que est\u00e1 mais avan\u00e7ada, com mais de 70% da constru\u00e7\u00e3o de 302 m\u00b2 j\u00e1 executados.<br \/>\n\u201cNo dia seguinte \u00e0 inaugura\u00e7\u00e3o do Residencial Fariz Gebrim, esta UBS estar\u00e1 com as portas abertas para atender os moradores\u201d, afirmou Beto Preto.<br \/>\nJ\u00e1 as UBSs do Jardim Interlagos e Marissol com 302 m\u00b2 e 255m\u00b2 de \u00e1rea edificada, respectivamente, t\u00eam 60% da obra feita. A do Residencial Solo Sagrado, por sua vez, que totaliza 232 m\u00b2 de constru\u00e7\u00e3o, chegou a 35% da obra.<br \/>\nAs quatro obras juntas envolvem recursos de quase 2 milh\u00f5es, sendo que 1,1 milh\u00e3o \u00e9 de recursos pr\u00f3prios do munic\u00edpio e R$ 816 mil fruto de emendas parlamentares.<br \/>\nAl\u00e9m da constru\u00e7\u00e3o de 4 UBSs em andamento, est\u00e3o em processo de licita\u00e7\u00e3o as obras de reforma de 10 UBSs do munic\u00edpio. Somando as reformas e constru\u00e7\u00e3o de novos pr\u00e9dios, Apucarana registra na atual administra\u00e7\u00e3o o maior volume de obras de sa\u00fade da sua hist\u00f3ria. Desde a primeira gest\u00e3o do prefeito Beto Preto, j\u00e1 foram constru\u00eddas duas UBS, a Eunice Penharbel, do Residencial Sumatra, e a Em\u00edlia Cretuchi, no Parque Bela Vista.<br \/>\n\u201cAl\u00e9m de melhorias no atendimento e servi\u00e7os, os investimentos na sa\u00fade tamb\u00e9m contemplam o acolhimento dos pacientes com uma estrutura que garanta mais conforto e bem estar \u00e0 popula\u00e7\u00e3o que procura as unidades\u201d, destaca Beto Preto.<\/p>\n","protected":false},"excerpt":{"rendered":"<p>Est\u00e3o em andamento obras das novas unidades de sa\u00fade do Interlagos, Jardim Marissol e dos residenciais Fariz Gebrim e Solo Sagrado (Fotos &#8211; Edson Denobi)<\/p>\n","protected":false},"author":4,"featured_media":20631,"comment_status":"closed","ping_status":"open","sticky":false,"template":"","format":"standard","meta":{"footnotes":""},"categories":[24],"tags":[],"class_list":["post-20630","post","type-post","status-publish","format-standard","has-post-thumbnail","hentry","category-noticias"],"acf":[],"_links":{"self":[{"href":"http:\/\/www.apucarana.pr.gov.br\/site\/wp-json\/wp\/v2\/posts\/20630","targetHints":{"allow":["GET"]}}],"collection":[{"href":"http:\/\/www.apucarana.pr.gov.br\/site\/wp-json\/wp\/v2\/posts"}],"about":[{"href":"http:\/\/www.apucarana.pr.gov.br\/site\/wp-json\/wp\/v2\/types\/post"}],"author":[{"embeddable":true,"href":"http:\/\/www.apucarana.pr.gov.br\/site\/wp-json\/wp\/v2\/users\/4"}],"replies":[{"embeddable":true,"href":"http:\/\/www.apucarana.pr.gov.br\/site\/wp-json\/wp\/v2\/comments?post=20630"}],"version-history":[{"count":1,"href":"http:\/\/www.apucarana.pr.gov.br\/site\/wp-json\/wp\/v2\/posts\/20630\/revisions"}],"predecessor-version":[{"id":100834,"href":"http:\/\/www.apucarana.pr.gov.br\/site\/wp-json\/wp\/v2\/posts\/20630\/revisions\/100834"}],"wp:featuredmedia":[{"embeddable":true,"href":"http:\/\/www.apucarana.pr.gov.br\/site\/wp-json\/"}],"wp:attachment":[{"href":"http:\/\/www.apucarana.pr.gov.br\/site\/wp-json\/wp\/v2\/media?parent=20630"}],"wp:term":[{"taxonomy":"category","embeddable":true,"href":"http:\/\/www.apucarana.pr.gov.br\/site\/wp-json\/wp\/v2\/categories?post=20630"},{"taxonomy":"post_tag","embeddable":true,"href":"http:\/\/www.apucarana.pr.gov.br\/site\/wp-json\/wp\/v2\/tags?post=20630"}],"curies":[{"name":"wp","href":"https:\/\/api.w.org\/{rel}","templated":true}]}}