{"id":20606,"date":"2018-12-27T09:36:42","date_gmt":"2018-12-27T11:36:42","guid":{"rendered":"http:\/\/172.16.0.7\/site-antigo\/?p=20606"},"modified":"2024-10-08T09:17:25","modified_gmt":"2024-10-08T12:17:25","slug":"apucaranenses-conquistam-bons-resultados-na-sao-silvestrinha","status":"publish","type":"post","link":"http:\/\/www.apucarana.pr.gov.br\/site\/apucaranenses-conquistam-bons-resultados-na-sao-silvestrinha\/","title":{"rendered":"Apucaranenses conquistam bons resultados na S\u00e3o Silvestrinha"},"content":{"rendered":"<p>Com a conquista de cinco medalhas, sendo duas de ouro e tr\u00eas de bronze, Apucarana foi destaque na Corrida S\u00e3o Silvestrinha, realizada no final de semana na pista de atletismo do Conjunto Desportivo Const\u00e2ncio Vaz Guimar\u00e3es, no Ibirapuera, em S\u00e3o Paulo.<br \/>\nApucarana foi representada por 22 atletas, pertencentes as escolas municipais Idalice Moreira Prates, Jos\u00e9 Ramos de Oliveira, Durval Pinto, Vida Nova, Augusto Weyand, Jo\u00e3o Batista, Jos\u00e9 de Alencar, Karel Kober e da Secretaria Municipal de Esportes e Juventude da Prefeitura.<br \/>\nOs alunos Yohan Gabriel Brandino de Oliveira, da Escola Durval Pinto, e Isabela Vit\u00f3ria da Silva Gon\u00e7alves, da Escola Jos\u00e9 de Alencar, foram campe\u00f5es na categoria nascidos em 2009, enquanto Pedro Henrich Machado de Oliveira (Escola Augusto Weyand), Gabriel Felipe de Almeida (Secretaria de Esportes e Juventude) e Anny Beatriz Tomaz Miranda (Escola Jos\u00e9 de Alencar) ficaram em terceiro lugar em suas categorias.<br \/>\nOs outros apucaranenses conseguiram as seguintes coloca\u00e7\u00f5es: F\u00e1bio Henrique dos Santos, Pietra da Silva, Andrelize Cruz e Luiza Freitas (4\u00ba lugar); Ana Luiza Martins e Gabrielly de Souza (6\u00ba); Maria Eduarda Andrade (7\u00ba); Thiago Oliveira da Silva, Guilherme Barbosa e Raissa Eduarda Fernandes (8\u00ba); Antony Caldeira, Victor Val\u00e9rio e Jos\u00e9 Vitor Ribeiro (9\u00ba); Luiz Carlos Anacleto e Clayton Maciel (10\u00ba); Samuel da Silva Biz (12\u00ba) e Tallys Henrique Fernandes (13\u00ba lugar). Eles tamb\u00e9m receberam medalhas de participa\u00e7\u00e3o.<br \/>\nOs atletas que defendem a Secretaria de Esportes e Juventude s\u00e3o treinados pelo professor Jos\u00e9 Marcelino da Silva, o Grilo. Agora eles v\u00e3o disputar no dia 26 de janeiro a Prova Vinteoitinha em Apucarana.<br \/>\nA corrida na capital paulista reuniu\u00a0competidores entre 6 e 17 anos que participaram das baterias de 50 a 800 metros. Idealizada pelo superintendente da Gazeta Esportiva, J\u00falio Deodoro de Souza, a S\u00e3o Silvestrinha proporciona aos pequenos, de maneira l\u00fadica, uma corrida com dist\u00e2ncias especialmente determinadas para cada uma das idades.<br \/>\nAs 12 categorias v\u00e1lidas e suas dist\u00e2ncias foram as seguintes: a) Categoria 6 anos &#8211; 50 metros; b) Categoria 7 anos &#8211; 50 metros; c) Categoria 8 anos &#8211; 60 metros; d) Categoria 9 anos &#8211; 60 metros; e) Categoria 10 anos &#8211; 80 metros; f) Categoria 11 anos &#8211; 80 metros; g) Categoria 12 anos &#8211; 100 metros; h) Categoria 13 anos &#8211; 100 metros; i) Categoria 14 anos &#8211; 600 metros; j) Categoria 15 anos &#8211; 600 metros; k) Categoria 16 anos &#8211; 600 metros e l) Categoria 17 anos &#8211; 800 metros.<br \/>\n<strong><em>\u00a0<\/em><\/strong><br \/>\n<strong><em>Fonte:<\/em><\/strong><em> Jornal Tribuna do Norte<\/em><\/p>\n","protected":false},"excerpt":{"rendered":"<p>Equipe de Apucarana ganhou cinco medalhas, sendo duas de ouro e tr\u00eas de bronze. (Foto: Josias Profeta)<\/p>\n","protected":false},"author":4,"featured_media":20615,"comment_status":"closed","ping_status":"open","sticky":false,"template":"","format":"standard","meta":{"footnotes":""},"categories":[24],"tags":[],"class_list":["post-20606","post","type-post","status-publish","format-standard","has-post-thumbnail","hentry","category-noticias"],"acf":[],"_links":{"self":[{"href":"http:\/\/www.apucarana.pr.gov.br\/site\/wp-json\/wp\/v2\/posts\/20606","targetHints":{"allow":["GET"]}}],"collection":[{"href":"http:\/\/www.apucarana.pr.gov.br\/site\/wp-json\/wp\/v2\/posts"}],"about":[{"href":"http:\/\/www.apucarana.pr.gov.br\/site\/wp-json\/wp\/v2\/types\/post"}],"author":[{"embeddable":true,"href":"http:\/\/www.apucarana.pr.gov.br\/site\/wp-json\/wp\/v2\/users\/4"}],"replies":[{"embeddable":true,"href":"http:\/\/www.apucarana.pr.gov.br\/site\/wp-json\/wp\/v2\/comments?post=20606"}],"version-history":[{"count":1,"href":"http:\/\/www.apucarana.pr.gov.br\/site\/wp-json\/wp\/v2\/posts\/20606\/revisions"}],"predecessor-version":[{"id":100835,"href":"http:\/\/www.apucarana.pr.gov.br\/site\/wp-json\/wp\/v2\/posts\/20606\/revisions\/100835"}],"wp:featuredmedia":[{"embeddable":true,"href":"http:\/\/www.apucarana.pr.gov.br\/site\/wp-json\/"}],"wp:attachment":[{"href":"http:\/\/www.apucarana.pr.gov.br\/site\/wp-json\/wp\/v2\/media?parent=20606"}],"wp:term":[{"taxonomy":"category","embeddable":true,"href":"http:\/\/www.apucarana.pr.gov.br\/site\/wp-json\/wp\/v2\/categories?post=20606"},{"taxonomy":"post_tag","embeddable":true,"href":"http:\/\/www.apucarana.pr.gov.br\/site\/wp-json\/wp\/v2\/tags?post=20606"}],"curies":[{"name":"wp","href":"https:\/\/api.w.org\/{rel}","templated":true}]}}