{"id":20600,"date":"2018-12-26T21:34:50","date_gmt":"2018-12-26T23:34:50","guid":{"rendered":"http:\/\/172.16.0.7\/site-antigo\/?p=20600"},"modified":"2024-10-08T09:17:25","modified_gmt":"2024-10-08T12:17:25","slug":"providencia-vai-instalar-radioterapia-com-investimento-de-r-72-milhoes","status":"publish","type":"post","link":"http:\/\/www.apucarana.pr.gov.br\/site\/providencia-vai-instalar-radioterapia-com-investimento-de-r-72-milhoes\/","title":{"rendered":"Provid\u00eancia vai instalar radioterapia com investimento de R$ 7,2 milh\u00f5es"},"content":{"rendered":"<p>Em evento, na tarde desta quarta-feira (26\/12) no gabinete do prefeito Beto Preto, a irm\u00e3 Geovana Ramos, Diretora do Hospital da Provid\u00eancia, oficializou a implanta\u00e7\u00e3o no setor de oncologia, de um moderno acelerador linear, equipamento que viabilizar\u00e1 o atendimento de paciente com radioterapia.<br \/>\nA conquista do acelerador linear foi viabilizada mediante a intermedia\u00e7\u00e3o do prefeito Beto Preto e do deputado federal S\u00e9rgio Souza, junto \u00e0 dire\u00e7\u00e3o da Itaipu Binacional. O equipamento importado sob encomenda dos Estados Unidos, tem um custo estimado de US$ 1,250 milh\u00e3o (cerca de R$ 5 milh\u00f5es, na cota\u00e7\u00e3o atual).<br \/>\nConforme revelou a Irm\u00e3 Geovana Ramos, os recursos est\u00e3o assegurados e dever\u00e3o ser liberados em tr\u00eas parcelas iguais. \u201cAo mesmo tempo, a institui\u00e7\u00e3o dever\u00e1 providenciar uma estrutura especial para a instala\u00e7\u00e3o da m\u00e1quina, ao custo de R$ 2,2 milh\u00f5es\u201d, informou a diretora do Hospital da Provid\u00eancia, acrescentando que o equipamento \u00e9 de \u00faltima gera\u00e7\u00e3o e ser\u00e1 o mais moderno operando no Paran\u00e1.<br \/>\nO prefeito Beto Preto explicou que para o funcionamento deste tipo de equipamento, ser\u00e1 preciso construir uma casamata, com paredes de um metro de espessura e com camadas isolantes de materiais espec\u00edficos. O objetivo \u00e9 garantir que n\u00e3o ocorra escape de radia\u00e7\u00e3o.<br \/>\n\u201cA constru\u00e7\u00e3o desta estrutura dever\u00e1 levar de seis a oito meses, tempo que coincidir\u00e1 com a produ\u00e7\u00e3o do equipamento nos Estados Unidos\u201d, informou o prefeito Beto Preto. Ele acrescentou que ir\u00e1 remeter para a C\u00e2mara Municipal &#8211; em comum acordo com o futuro prefeito Junior da Femac -, um projeto de lei autorizando a doa\u00e7\u00e3o parcela de R$ 1 milh\u00e3o ao Provid\u00eancia, para contribuir no custeio da estrutura necess\u00e1ria para instala\u00e7\u00e3o do equipamento de radioterapia.<br \/>\nO m\u00e9dico Beto Preto destaca que o Hospital da Provid\u00eancia j\u00e1 mant\u00e9m um centro de oncologia, com consultas, quimioterapia e cirurgias. \u201cA partir de agora, o setor estar\u00e1 completo com o servi\u00e7o de radioterapia\u201d, frisa ele, emendando que, atualmente, pacientes que precisam de sess\u00f5es de radioterapia esperam at\u00e9 tr\u00eas meses na fila, para serem atendidos em Londrina.<br \/>\nParticiparam da audi\u00eancia no gabinete do prefeito Beto Preto, al\u00e9m da diretora do Provid\u00eancia, Irm\u00e3 Geovana; Rafaela Costa e \u00c9dson Souza, da \u00e1rea administrativa do hospital; o m\u00e9dico H\u00e9lio Kissina; e Edmundo Verona, da Autarquia Municipal de Sa\u00fade.<br \/>\nClique e ou\u00e7a esta mat\u00e9ria<br \/>\nBeto Preto- prefeito de Apucarana<br \/>\nhttps:\/\/soundcloud.com\/prefeitura-municipal-apucarana\/beto-preto-radioterapia-26-12-18<br \/>\nIrm\u00e3 Geovana Ramos- diretora Hospital da Provid\u00eancia<br \/>\nhttps:\/\/soundcloud.com\/prefeitura-municipal-apucarana\/irma-geovana-radioterapia-26-12-18<\/p>\n","protected":false},"excerpt":{"rendered":"<p>Equipamento importado dos Estados Unidos est\u00e1 sendo doado pela Itaipu Binacional (Foto: Edson Denobi)<\/p>\n","protected":false},"author":4,"featured_media":20601,"comment_status":"closed","ping_status":"open","sticky":false,"template":"","format":"standard","meta":{"footnotes":""},"categories":[24],"tags":[],"class_list":["post-20600","post","type-post","status-publish","format-standard","has-post-thumbnail","hentry","category-noticias"],"acf":[],"_links":{"self":[{"href":"http:\/\/www.apucarana.pr.gov.br\/site\/wp-json\/wp\/v2\/posts\/20600","targetHints":{"allow":["GET"]}}],"collection":[{"href":"http:\/\/www.apucarana.pr.gov.br\/site\/wp-json\/wp\/v2\/posts"}],"about":[{"href":"http:\/\/www.apucarana.pr.gov.br\/site\/wp-json\/wp\/v2\/types\/post"}],"author":[{"embeddable":true,"href":"http:\/\/www.apucarana.pr.gov.br\/site\/wp-json\/wp\/v2\/users\/4"}],"replies":[{"embeddable":true,"href":"http:\/\/www.apucarana.pr.gov.br\/site\/wp-json\/wp\/v2\/comments?post=20600"}],"version-history":[{"count":1,"href":"http:\/\/www.apucarana.pr.gov.br\/site\/wp-json\/wp\/v2\/posts\/20600\/revisions"}],"predecessor-version":[{"id":100836,"href":"http:\/\/www.apucarana.pr.gov.br\/site\/wp-json\/wp\/v2\/posts\/20600\/revisions\/100836"}],"wp:featuredmedia":[{"embeddable":true,"href":"http:\/\/www.apucarana.pr.gov.br\/site\/wp-json\/"}],"wp:attachment":[{"href":"http:\/\/www.apucarana.pr.gov.br\/site\/wp-json\/wp\/v2\/media?parent=20600"}],"wp:term":[{"taxonomy":"category","embeddable":true,"href":"http:\/\/www.apucarana.pr.gov.br\/site\/wp-json\/wp\/v2\/categories?post=20600"},{"taxonomy":"post_tag","embeddable":true,"href":"http:\/\/www.apucarana.pr.gov.br\/site\/wp-json\/wp\/v2\/tags?post=20600"}],"curies":[{"name":"wp","href":"https:\/\/api.w.org\/{rel}","templated":true}]}}