{"id":20595,"date":"2018-12-26T18:13:29","date_gmt":"2018-12-26T20:13:29","guid":{"rendered":"http:\/\/172.16.0.7\/site-antigo\/?p=20595"},"modified":"2024-10-08T09:17:25","modified_gmt":"2024-10-08T12:17:25","slug":"educacao-repassa-recursos-do-fundeb-a-apae-de-apucarana","status":"publish","type":"post","link":"http:\/\/www.apucarana.pr.gov.br\/site\/educacao-repassa-recursos-do-fundeb-a-apae-de-apucarana\/","title":{"rendered":"Educa\u00e7\u00e3o repassa recursos do Fundeb a APAE de Apucarana"},"content":{"rendered":"<p>A celebra\u00e7\u00e3o de termo de colabora\u00e7\u00e3o entre Autarquia Municipal de Educa\u00e7\u00e3o de Apucarana (AME) e a Associa\u00e7\u00e3o de Pais e Amigos dos Excepcionais de Apucarana (APAE), em ato comandando pelo prefeito Beto Preto (PSD) nesta quarta-feira (26\/12) no gabinete municipal, garantiu \u00e0 entidade de aten\u00e7\u00e3o a pessoas com necessidades especiais a libera\u00e7\u00e3o de R$315.114,94 de recursos do Fundo de Manuten\u00e7\u00e3o e Desenvolvimento da Educa\u00e7\u00e3o B\u00e1sica e de Valoriza\u00e7\u00e3o dos Profissionais da Educa\u00e7\u00e3o (Fundeb). O montante a ser repassado em parcela \u00fanica leva em conta o Censo Escolar, conclu\u00eddo neste m\u00eas de setembro, e teve aprova\u00e7\u00e3o da C\u00e2mara de Vereadores.<br \/>\nO conv\u00eanio, que est\u00e1 embasado em um plano de aplica\u00e7\u00e3o dos recursos, tamb\u00e9m recebeu aval de contadores, tesoureiros e controladores da Autarquia Municipal de Educa\u00e7\u00e3o. \u201c\u00c9 um pouco a mais de dinheiro, que certamente far\u00e1 a diferen\u00e7a e ser\u00e1 muito bem aplicado por esta institui\u00e7\u00e3o, que merece muito mais, sobretudo a nossa gratid\u00e3o pela hist\u00f3ria e servi\u00e7o prestado \u00e0 sociedade, desde a sua funda\u00e7\u00e3o por Palmira Menegazzo at\u00e9 os dias atuais\u201d, disse o prefeito Beto Preto. Segundo ele, n\u00e3o h\u00e1 quem conhe\u00e7a a hist\u00f3ria da APAE de Apucarana e n\u00e3o se emocione. \u201cEm nome da cidade de Apucarana os mais sinceros agradecimentos a todos os presidentes, diretores e funcion\u00e1rios que passaram e est\u00e3o na APAE. S\u00e3o pessoas abnegadas que doaram e doam seus cora\u00e7\u00f5es ao pr\u00f3ximo\u201d, afirmou Beto Preto.<br \/>\nSegundo o plano de aplica\u00e7\u00e3o aprovado, a APAE Apucarana utilizar\u00e1 a verba ao longo de 2019 para pagamento de vencimentos e sal\u00e1rios de profissionais do setor pedag\u00f3gico (educa\u00e7\u00e3o infantil e fundamental); manuten\u00e7\u00e3o e conserva\u00e7\u00e3o de bens im\u00f3veis como a troca de piso das salas de aula, hall de entrada, secretaria da escola, sala da diretoria da secretaria, reforma banheiro da recep\u00e7\u00e3o com adapta\u00e7\u00e3o e acessibilidade, pintura geral e instala\u00e7\u00e3o de equipamento de som do espa\u00e7o f\u00edsico pertencente ao setor de educa\u00e7\u00e3o da escola Jos\u00e9 Ant\u00f4nio Menegazzo.<br \/>\n\u201cAgradecemos aos vereadores e ao prefeito. Estou indo para o sexto \u00e9 \u00faltimo ano como presidente e neste per\u00edodo nunca tive dificuldade em ser atendido. A prefeitura esteve sempre aberta para a APAE. Podem ter a certeza de que todo o dinheiro ser\u00e1 investido dentro do plano de aplica\u00e7\u00e3o, beneficiando v\u00e1rios setores da nossa entidade. \u00c9 uma verba a ser utilizada para o custeio da educa\u00e7\u00e3o especial que possibilita que recursos n\u00e3o dirigidos possam ser empregados em outras \u00e1reas, como o da sa\u00fade especial\u201d, afirmou Luiz Fernando Matiuzzi Lemos, presidente da APAE de Apucarana.<br \/>\nEle contou que a aplica\u00e7\u00e3o da verba ser\u00e1 feita regularmente atrav\u00e9s de presta\u00e7\u00f5es de contas. Todo o processo ter\u00e1 acompanhamento e fiscaliza\u00e7\u00e3o da controladoria da Autarquia Municipal de Educa\u00e7\u00e3o (AME). \u201cQuero aproveitar a oportunidade e tamb\u00e9m fazer um agradecimento de p\u00fablico ao deputado federal S\u00e9rgio Souza, que viabilizou outros R$50 mil junto \u00e0 ITAIPU Binacional que est\u00e3o sendo importantes para conclus\u00e3o de projetos em andamento\u201d, relatou o presidente da APAE.<br \/>\nA secret\u00e1ria Municipal de Educa\u00e7\u00e3o, Marli Fernandes, disse que este foi o primeiro ano que o termo de colabora\u00e7\u00e3o foi executado. \u201cA ades\u00e3o para 2019 j\u00e1 est\u00e1 encaminhada e, daqui h\u00e1 12 meses, novos recursos dever\u00e3o ser liberados via Fundeb para a APAE, que \u00e9 a \u00fanica institui\u00e7\u00e3o de ensino especial de Apucarana\u201d, esclareceu a secret\u00e1ria.<br \/>\nPresen\u00e7a &#8211; Al\u00e9m de secret\u00e1rios municipais e servidores da Autarquia Municipal de Educa\u00e7\u00e3o, acompanharam o ato os vereadores Mauro Bertoli (presidente da C\u00e2mara), M\u00e1rcia Sousa e Jos\u00e9 Airton Deco de Ara\u00fajo.<br \/>\nClique e ou\u00e7a esta mat\u00e9ria<br \/>\nLuiz Fernando Matiuzzi Lemos<br \/>\nhttps:\/\/soundcloud.com\/prefeitura-municipal-apucarana\/luiz-fernando-lemos-fundeb-apae-27-12-18<br \/>\nMarli Fernandes- secret\u00e1ria de Educa\u00e7\u00e3o<br \/>\nhttps:\/\/soundcloud.com\/prefeitura-municipal-apucarana\/marli-fernandes-fundeb-apae-27-12-18<br \/>\nBeto Preto- prefeito Apucarana<br \/>\nhttps:\/\/soundcloud.com\/prefeitura-municipal-apucarana\/beto-preto-fundeb-apae-27-12-18<\/p>\n","protected":false},"excerpt":{"rendered":"<p>A APAE Apucarana utilizar\u00e1 a verba ao longo de 2019 para pagamento de vencimentos e sal\u00e1rios de profissionais do setor pedag\u00f3gico (educa\u00e7\u00e3o infantil e fundamental); manuten\u00e7\u00e3o e conserva\u00e7\u00e3o de bens im\u00f3veis (Foto: Edson Denobi)<\/p>\n","protected":false},"author":4,"featured_media":20598,"comment_status":"closed","ping_status":"open","sticky":false,"template":"","format":"standard","meta":{"footnotes":""},"categories":[24],"tags":[],"class_list":["post-20595","post","type-post","status-publish","format-standard","has-post-thumbnail","hentry","category-noticias"],"acf":[],"_links":{"self":[{"href":"http:\/\/www.apucarana.pr.gov.br\/site\/wp-json\/wp\/v2\/posts\/20595","targetHints":{"allow":["GET"]}}],"collection":[{"href":"http:\/\/www.apucarana.pr.gov.br\/site\/wp-json\/wp\/v2\/posts"}],"about":[{"href":"http:\/\/www.apucarana.pr.gov.br\/site\/wp-json\/wp\/v2\/types\/post"}],"author":[{"embeddable":true,"href":"http:\/\/www.apucarana.pr.gov.br\/site\/wp-json\/wp\/v2\/users\/4"}],"replies":[{"embeddable":true,"href":"http:\/\/www.apucarana.pr.gov.br\/site\/wp-json\/wp\/v2\/comments?post=20595"}],"version-history":[{"count":1,"href":"http:\/\/www.apucarana.pr.gov.br\/site\/wp-json\/wp\/v2\/posts\/20595\/revisions"}],"predecessor-version":[{"id":100837,"href":"http:\/\/www.apucarana.pr.gov.br\/site\/wp-json\/wp\/v2\/posts\/20595\/revisions\/100837"}],"wp:featuredmedia":[{"embeddable":true,"href":"http:\/\/www.apucarana.pr.gov.br\/site\/wp-json\/"}],"wp:attachment":[{"href":"http:\/\/www.apucarana.pr.gov.br\/site\/wp-json\/wp\/v2\/media?parent=20595"}],"wp:term":[{"taxonomy":"category","embeddable":true,"href":"http:\/\/www.apucarana.pr.gov.br\/site\/wp-json\/wp\/v2\/categories?post=20595"},{"taxonomy":"post_tag","embeddable":true,"href":"http:\/\/www.apucarana.pr.gov.br\/site\/wp-json\/wp\/v2\/tags?post=20595"}],"curies":[{"name":"wp","href":"https:\/\/api.w.org\/{rel}","templated":true}]}}